{"id":1044,"date":"2020-01-31T17:49:50","date_gmt":"2020-01-31T19:49:50","guid":{"rendered":"https:\/\/www.simetriaplanosdesaude.com.br\/blog\/?p=1044"},"modified":"2020-07-13T18:01:53","modified_gmt":"2020-07-13T21:01:53","slug":"sulamerica-empresarial-ou-bradesco-empresarial","status":"publish","type":"post","link":"https:\/\/www.simetriaplanosdesaude.com.br\/blog\/sulamerica-empresarial-ou-bradesco-empresarial\/","title":{"rendered":"SulAm\u00e9rica empresarial ou Bradesco empresarial?"},"content":{"rendered":"<p>Como o pr\u00f3prio nome j\u00e1 indica, os <a href=\"https:\/\/www.simetriaplanosdesaude.com.br\/blog\/plano-de-saude-empresarial\/\"><strong>planos de\u00a0sa\u00fade empresariais<\/strong><\/a>\u00a0s\u00e3o aqueles contratados por pessoas jur\u00eddicas (empreendedores, sindicatos ou associa\u00e7\u00f5es) para fornecer\u00a0<strong>sa\u00fade<\/strong>\u00a0de qualidade aos funcion\u00e1rios e colaboradores de uma determinada empresa.<\/p>\n<p>A seguir abordaremos algumas informa\u00e7\u00f5es de dois planos de sa\u00fade empresariais de refer\u00eancia no Brasil.<\/p>\n<h2><strong>Sobre o plano de sa\u00fade SulAm\u00e9rica<\/strong><\/h2>\n<p>A SulAm\u00e9rica \u00e9 uma das operadoras mais antigas no mercado e veio para o Brasil em 1918, quando lan\u00e7ou o primeiro formato de seguro em grupo no pa\u00eds. Atualmente, ela est\u00e1 em todas as regi\u00f5es e passou o n\u00famero de 2 milh\u00f5es de benefici\u00e1rios.<\/p>\n<p>Al\u00e9m da cobertura de cada plano, quem \u00e9 cliente da SulAm\u00e9rica tem direito a comprar alguns medicamentos com desconto. <strong>Aparece nas primeiras pesquisas do ranking da ANS<\/strong> (Ag\u00eancia Nacional de Sa\u00fade Suplementar).<\/p>\n<p>De acordo com a pesquisa feita pelo site ReclameAqui o <a href=\"https:\/\/www.simetriaplanosdesaude.com.br\/blog\/plano-de-saude-sulamerica\/\">plano de sa\u00fade SulAm\u00e9rica<\/a> conseguiu nota 8,1. No total de reclama\u00e7\u00f5es registradas, as quais 99,6% foram respondidas e 81,5% dos casos foram solucionados.<\/p>\n<p>O percentual de clientes que voltariam a fazer neg\u00f3cio com a empresa \u00e9 de 74,4%.<\/p>\n<p>Dos casos registrados, 710 realizaram avalia\u00e7\u00e3o da empresa e atribu\u00edram a ela nota 7,21, Nota da ANS (IDSS): 0,7437.<\/p>\n<p>As principais reclama\u00e7\u00f5es s\u00e3o sobre reembolso de pagamento, demora para autoriza\u00e7\u00e3o de consultas, exames e cirurgias, cobran\u00e7a indevida. Referente a pesquisa feita mesmo tendo reclama\u00e7\u00f5es a maioria foram solucionadas.<\/p>\n<p><img loading=\"lazy\" decoding=\"async\" class=\"aligncenter size-full wp-image-487\" src=\"https:\/\/www.simetriaplanosdesaude.com.br\/blog\/wp-content\/uploads\/2019\/07\/plano-de-saude-sulamerica.jpg\" alt=\"\" width=\"700\" height=\"294\" srcset=\"https:\/\/www.simetriaplanosdesaude.com.br\/blog\/wp-content\/uploads\/2019\/07\/plano-de-saude-sulamerica.jpg 700w, https:\/\/www.simetriaplanosdesaude.com.br\/blog\/wp-content\/uploads\/2019\/07\/plano-de-saude-sulamerica-300x126.jpg 300w\" sizes=\"(max-width: 700px) 100vw, 700px\" \/><\/p>\n<h2><strong>Plano de sa\u00fade SulAm\u00e9rica para empresas<\/strong><\/h2>\n<p>Com foco nas micro e pequenas empresas a SulAm\u00e9rica lan\u00e7a o novo PME Sa\u00fade, um seguro sa\u00fade flex\u00edvel para aqueles que desejam contratar o benef\u00edcio para seus funcion\u00e1rios, dependentes ou apenas para um grupo espec\u00edfico. Voltado para grupos de 4 a 49 pessoas. O produto agora inclui:<\/p>\n<ul>\n<li>No plano b\u00e1sico nacional a op\u00e7\u00e3o de acomoda\u00e7\u00e3o em apartamento para os casos de interna\u00e7\u00e3o hospitalar (antes restrito \u00e0 acomoda\u00e7\u00e3o enfermaria).<\/li>\n<li>Servi\u00e7o de Aconselhamento M\u00e9dico Telef\u00f4nico 24 Horas \u2013 por meio dele, o segurado pode esclarecer d\u00favidas sobre medicamentos, bulas, resultados de exames, sem sair de casa, em qualquer estado do pa\u00eds;<\/li>\n<li>Sistema de reembolso;<\/li>\n<li>SulAm\u00e9rica Sa\u00fade Ativa &#8211; programa de orienta\u00e7\u00e3o \u00e0 sa\u00fade;<\/li>\n<li>Remiss\u00e3o &#8211; em caso de falecimento do segurado titular, os dependentes permanecem gratuitamente cobertos pelo seguro por 5 anos;<\/li>\n<\/ul>\n<h2><strong>Sobre o Plano de Sa\u00fade Bradesco<\/strong><\/h2>\n<p>Refer\u00eancia no setor de seguros, a Bradesco Sa\u00fade \u00e9 uma das empresas mais conhecidas do mercado, <strong>sempre ocupando boas posi\u00e7\u00f5es no ranking de satisfa\u00e7\u00e3o dos usu\u00e1rios da ANS, atualmente esta em segundo lugar.<\/strong><\/p>\n<p>Com o melhor atendimento e os mais completos servi\u00e7os, os planos da Bradesco Sa\u00fade proporcionam a prote\u00e7\u00e3o e a tranquilidade que se deseja\u00a0 quando o assunto \u00e9 plano de sa\u00fade. S\u00e3o disponibilizados uma ampla rede de consult\u00f3rios, cl\u00ednicas, laborat\u00f3rios e hospitais.<\/p>\n<p>Atualmente, a Bradesco Seguro de Sa\u00fade j\u00e1 conta com mais de 4 milh\u00f5es de segurados. O conv\u00eanio m\u00e9dico Bradesco tamb\u00e9m \u00e9 a primeira escolha das empresas brasileiras, <strong>sendo assim, 96% dos clientes da seguradora fazem parte de planos coletivos.<\/strong><\/p>\n<p><img loading=\"lazy\" decoding=\"async\" class=\"aligncenter size-full wp-image-947\" src=\"https:\/\/www.simetriaplanosdesaude.com.br\/blog\/wp-content\/uploads\/2019\/10\/reclame-aqui-plano-de-saude-bradesco.png\" alt=\"\" width=\"536\" height=\"330\" srcset=\"https:\/\/www.simetriaplanosdesaude.com.br\/blog\/wp-content\/uploads\/2019\/10\/reclame-aqui-plano-de-saude-bradesco.png 536w, https:\/\/www.simetriaplanosdesaude.com.br\/blog\/wp-content\/uploads\/2019\/10\/reclame-aqui-plano-de-saude-bradesco-300x185.png 300w\" sizes=\"(max-width: 536px) 100vw, 536px\" \/><\/p>\n<h2><strong>Plano de sa\u00fade <\/strong><strong>Bradesco para MEI e empresas<\/strong><\/h2>\n<p>O\u00a0plano de sa\u00fade empresarial\u00a0do Bradesco Sa\u00fade \u00e9 um plano que o MEI \u2013 Microempreendedor Individual pode ter acesso.<\/p>\n<p>Com seu CNPJ ativo e no m\u00ednimo duas vidas, sendo 1 titular e mais uma vida, podendo ser um dependente direto ou funcion\u00e1rio o Microempreendedor Individual tem acesso ao Plano de Sa\u00fade para MEI.<\/p>\n<p>Contratando o plano Bradesco Sa\u00fade MEI o Microempreendedor Individual ter\u00e1 acesso a um plano de sa\u00fade empresarial com o peso da marca Bradesco.<\/p>\n<p>Desde 1984 a Bradesco Sa\u00fade trabalha com planos de sa\u00fade. Hoje com mais de 4 milh\u00f5es de segurados em todo o Brasil \u00e9 l\u00edder no mercado.<\/p>\n<p>Confira os benef\u00edcios:<\/p>\n<ul>\n<li><strong>Rede Referenciada<\/strong>: A rede da Bradesco Sa\u00fade MEI se caracteriza pela qualidade de seus prestadores e pela dimens\u00e3o dos servi\u00e7os assistenciais. S\u00e3o diversos consult\u00f3rios m\u00e9dicos, cl\u00ednicas especializadas, servi\u00e7os de diagn\u00f3stico e hospitais, distribu\u00eddos por munic\u00edpios em todo o pa\u00eds.<\/li>\n<li><strong>Livre escolha de Prestadores:<\/strong> Na Bradesco Sa\u00fade MEI, o segurado pode solicitar o reembolso das despesas efetuadas com profissional ou servi\u00e7o que n\u00e3o fa\u00e7a parte da Rede Referenciada.<\/li>\n<li><strong>Programa Meu Doutor:<\/strong> \u00c9 um servi\u00e7o pioneiro e exclusivo da Bradesco Sa\u00fade. Com ele, o segurado pode fazer consultas com profissionais que foram criteriosamente selecionados por prezarem pela qualidade no atendimento e pelo cuidado assistencial.<\/li>\n<li><strong>Desconto Farm\u00e1cia:<\/strong> Oferece a todos os clientes da Bradesco Sa\u00fade descontos de at\u00e9 85% em medicamentos de marca e gen\u00e9ricos. S\u00e3o mais de 2.400 itens com desconto, que podem ser adquiridos em cerca de 10 mil farm\u00e1cias credenciadas, em aproximadamente 1.800 munic\u00edpios pelo pa\u00eds.<\/li>\n<li><strong>Segunda Opini\u00e3o M\u00e9dica:<\/strong> Com o objetivo de enriquecer o diagn\u00f3stico e auxiliar na escolha do tratamento mais adequado, o programa Segunda Opini\u00e3o M\u00e9dica proporciona mais tranquilidade e seguran\u00e7a ao Segurado, em caso de indica\u00e7\u00e3o cir\u00fargica.<\/li>\n<\/ul>\n","protected":false},"excerpt":{"rendered":"<p>Como o pr\u00f3prio nome j\u00e1 indica, os planos de\u00a0sa\u00fade empresariais\u00a0s\u00e3o aqueles contratados por pessoas jur\u00eddicas (empreendedores, sindicatos ou associa\u00e7\u00f5es) para fornecer\u00a0sa\u00fade\u00a0de qualidade aos funcion\u00e1rios e colaboradores de uma determinada empresa. A seguir abordaremos algumas informa\u00e7\u00f5es de dois planos de sa\u00fade empresariais de refer\u00eancia no Brasil. Sobre o plano de sa\u00fade SulAm\u00e9rica A SulAm\u00e9rica \u00e9 uma [&hellip;]<\/p>\n","protected":false},"author":2,"featured_media":867,"comment_status":"closed","ping_status":"closed","sticky":false,"template":"","format":"standard","meta":{"footnotes":""},"categories":[17],"tags":[],"_links":{"self":[{"href":"https:\/\/www.simetriaplanosdesaude.com.br\/blog\/wp-json\/wp\/v2\/posts\/1044"}],"collection":[{"href":"https:\/\/www.simetriaplanosdesaude.com.br\/blog\/wp-json\/wp\/v2\/posts"}],"about":[{"href":"https:\/\/www.simetriaplanosdesaude.com.br\/blog\/wp-json\/wp\/v2\/types\/post"}],"author":[{"embeddable":true,"href":"https:\/\/www.simetriaplanosdesaude.com.br\/blog\/wp-json\/wp\/v2\/users\/2"}],"replies":[{"embeddable":true,"href":"https:\/\/www.simetriaplanosdesaude.com.br\/blog\/wp-json\/wp\/v2\/comments?post=1044"}],"version-history":[{"count":6,"href":"https:\/\/www.simetriaplanosdesaude.com.br\/blog\/wp-json\/wp\/v2\/posts\/1044\/revisions"}],"predecessor-version":[{"id":1315,"href":"https:\/\/www.simetriaplanosdesaude.com.br\/blog\/wp-json\/wp\/v2\/posts\/1044\/revisions\/1315"}],"wp:featuredmedia":[{"embeddable":true,"href":"https:\/\/www.simetriaplanosdesaude.com.br\/blog\/wp-json\/wp\/v2\/media\/867"}],"wp:attachment":[{"href":"https:\/\/www.simetriaplanosdesaude.com.br\/blog\/wp-json\/wp\/v2\/media?parent=1044"}],"wp:term":[{"taxonomy":"category","embeddable":true,"href":"https:\/\/www.simetriaplanosdesaude.com.br\/blog\/wp-json\/wp\/v2\/categories?post=1044"},{"taxonomy":"post_tag","embeddable":true,"href":"https:\/\/www.simetriaplanosdesaude.com.br\/blog\/wp-json\/wp\/v2\/tags?post=1044"}],"curies":[{"name":"wp","href":"https:\/\/api.w.org\/{rel}","templated":true}]}}