{"id":1124,"date":"2020-03-19T16:46:31","date_gmt":"2020-03-19T19:46:31","guid":{"rendered":"https:\/\/www.simetriaplanosdesaude.com.br\/blog\/?p=1124"},"modified":"2020-03-31T15:44:42","modified_gmt":"2020-03-31T18:44:42","slug":"plano-de-saude-para-aposentados","status":"publish","type":"post","link":"https:\/\/www.simetriaplanosdesaude.com.br\/blog\/plano-de-saude-para-aposentados\/","title":{"rendered":"Plano de sa\u00fade para aposentados"},"content":{"rendered":"<p>Um trabalhador contribuinte passa uma vida toda contando com os benef\u00edcios de sa\u00fade recebidos via um <a href=\"https:\/\/www.simetriaplanosdesaude.com.br\/blog\/plano-de-saude-empresarial\/\">Plano de Sa\u00fade Empresarial<\/a>.<\/p>\n<p>Por\u00e9m, \u00e9 quando envelhece e chega \u00e0 hora de se aposentar, que os servi\u00e7os hospitalares, ambulat\u00f3rios e de suporte realmente fazem sentido. Nesse momento, muitas d\u00favidas podem surgir em rela\u00e7\u00e3o aos seus direitos.<\/p>\n<p>Por\u00e9m, mesmo em casos de aposentadoria, quando um trabalhador possui conv\u00eanio m\u00e9dico via v\u00ednculo empregat\u00edcio, o acesso \u00e0 sa\u00fade n\u00e3o lhe \u00e9 negado.<\/p>\n<p>Continuar com a cobertura do <a href=\"https:\/\/www.simetriaplanosdesaude.com.br\/\">plano de sa\u00fade<\/a> \u00e9 um direito, assegurado pela Lei n\u00b0 9.656\/98. Inclusive, \u00e9 previsto que as mesmas condi\u00e7\u00f5es contratuais sejam mantidas, incluindo dependentes.<\/p>\n<p><img loading=\"lazy\" decoding=\"async\" class=\"aligncenter wp-image-647 size-full\" src=\"https:\/\/www.simetriaplanosdesaude.com.br\/blog\/wp-content\/uploads\/2019\/08\/plano-de-saude-empresarial.jpg\" alt=\"\" width=\"700\" height=\"409\" srcset=\"https:\/\/www.simetriaplanosdesaude.com.br\/blog\/wp-content\/uploads\/2019\/08\/plano-de-saude-empresarial.jpg 700w, https:\/\/www.simetriaplanosdesaude.com.br\/blog\/wp-content\/uploads\/2019\/08\/plano-de-saude-empresarial-300x175.jpg 300w\" sizes=\"(max-width: 700px) 100vw, 700px\" \/><\/p>\n<p>Mas, tudo isso s\u00f3 \u00e9 v\u00e1lido aos trabalhadores que contribu\u00edram com a manuten\u00e7\u00e3o do plano durante os anos trabalhados. Por\u00e9m, na transi\u00e7\u00e3o para a vida de aposentado, \u00e9 comum que o servi\u00e7o passe por algumas altera\u00e7\u00f5es.<\/p>\n<p>Nesse artigo iremos descobrir quais s\u00e3o e como funcionam as regras para utilizar esses servi\u00e7os.<\/p>\n<h2>Como fica o plano de sa\u00fade para quem se aposenta?<\/h2>\n<p>Sendo um benefici\u00e1rio aposentado, algumas coberturas podem ser inclu\u00eddas ao plano, que deve seguir sempre as normas da Ag\u00eancia Nacional de Sa\u00fade (ANS).<\/p>\n<p>Por\u00e9m, a modalidade existente (Plano de Sa\u00fade Empresarial) \u00e9 cancelada e o servi\u00e7o passa a se chamar \u201cPlano de Sa\u00fade de Aposentadoria\u201d.<\/p>\n<p>Geralmente, ao se aposentar, a cobertura do plano deve ser novamente conferida, cogitando incluir novos servi\u00e7os que permitam uma aposentadoria mais tranquila.<\/p>\n<p>Nessa etapa de vida, quanto mais abrangente o plano for, melhor. Al\u00e9m do benef\u00edcio poder contar com servi\u00e7os de urg\u00eancia e emerg\u00eancia, \u00e9 preciso levar em considera\u00e7\u00e3o os locais onde o plano pode atuar, em casos de viagens.<\/p>\n<h2>Quanto tempo o funcion\u00e1rio tem direito ao plano ap\u00f3s sair da empresa?<\/h2>\n<p>O aposentado que contribuiu por 10 anos ou mais ter\u00e1 o direito de manter o benef\u00edcio por tem indeterminado, se assim quiser. O plano s\u00f3 \u00e9 suspenso caso a empresa pare de prestar servi\u00e7os vinculados a conv\u00eanio m\u00e9dicos.<\/p>\n<p>J\u00e1 os aposentados que contribu\u00edram por tempo inferior a 10 anos s\u00f3 pode permanecer com o plano pelo tempo equivalente ao seu per\u00edodo de contribui\u00e7\u00e3o. Da mesma forma, isso ser\u00e1 poss\u00edvel, enquanto a empresa permanecer prestando os benef\u00edcios.<\/p>\n<h2>Como manter o plano de sa\u00fade ap\u00f3s a demiss\u00e3o?<\/h2>\n<p>Como j\u00e1 foi citado, permanecer com o plano de sa\u00fade \u00e9 um direito do contribuinte. Por\u00e9m, para continuar utilizando os servi\u00e7os, o aposentado precisa entrar em contato com a operadora e solicitar a portabilidade, dando continuidade ao plano, por\u00e9m como de aposentadoria.<\/p>\n<p>O prazo para formalizar esse pedido \u00e9 de 30 dias (um m\u00eas), contando desde a data que a empresa confirmar esse direito. Tenha em m\u00e3os os documentos necess\u00e1rios, como carteira de trabalho com comprovante de pedido de aposentadoria, carta de concess\u00e3o, documentos pessoais do titular e dependentes e comprovante de endere\u00e7o.<\/p>\n<h2>Regras do plano de sa\u00fade empresarial para demitidos e aposentados<\/h2>\n<p>Para continuar com o plano de sa\u00fade, por\u00e9m agora como aposentado, algumas regras b\u00e1sicas s\u00e3o exigidas, conforme normas leis e da ANS. Primeiramente, o trabalhador precisa ter contribu\u00eddo pelo menos 10 anos para ter direito ao plano vital\u00edcio. Depois, precisa se comprometer a pagar as parcelas do servi\u00e7o de forma integral.<\/p>\n<p>Por\u00e9m, existem outras regras bem espec\u00edficas para quem deseja seguir com os servi\u00e7os j\u00e1 conquistados, como:<\/p>\n<ul>\n<li>O benefici\u00e1rio precisa ter contribu\u00eddo com algum valor para permanecer com o plano;<\/li>\n<li>Se o plano empresarial contava com sistema de coparticipa\u00e7\u00e3o \u00e9 poss\u00edvel utilizar os servi\u00e7os por valores mais baixos, al\u00e9m de contar com subs\u00eddios da empresa;<\/li>\n<li>Os direitos ao plano ser\u00e3o perdidos se o aposentado criar v\u00ednculo empregat\u00edcio com outra empresa;<\/li>\n<li>Os mesmos dependentes podem ser mantidos no benef\u00edcio, alterando apenas em casos de novo filho ou c\u00f4njuge.<\/li>\n<\/ul>\n<h2>Fa\u00e7a uma cota\u00e7\u00e3o de plano de sa\u00fade<\/h2>\n<p>A aposentadoria \u00e9 um momento muito esperado para o trabalhador e contribuinte brasileiro.<\/p>\n<p>Usufruir desse descanso merecido com qualidade de vida e sa\u00fade \u00e9 mais que um direito.<\/p>\n<p>N\u00e3o deixe ter a assist\u00eancia que voc\u00ea merece.<\/p>\n<p>Se voc\u00ea n\u00e3o contou com um plano de sa\u00fade empresarial, solicite um or\u00e7amento de plano para idosos, ou, um que atenda as suas necessidades.<\/p>\n<p>A <a href=\"https:\/\/www.simetriaplanosdesaude.com.br\/\">Simetria Planos de Sa\u00fade<\/a> fornecer\u00e1 toda a assessoria necess\u00e1ria e as tabelas de pre\u00e7os de diferentes operadas, j\u00e1 atualizadas.<\/p>\n<p>Entre em contato! Atendemos via telefone, e-mail e site.<\/p>\n","protected":false},"excerpt":{"rendered":"<p>Um trabalhador contribuinte passa uma vida toda contando com os benef\u00edcios de sa\u00fade recebidos via um Plano de Sa\u00fade Empresarial. Por\u00e9m, \u00e9 quando envelhece e chega \u00e0 hora de se aposentar, que os servi\u00e7os hospitalares, ambulat\u00f3rios e de suporte realmente fazem sentido. Nesse momento, muitas d\u00favidas podem surgir em rela\u00e7\u00e3o aos seus direitos. Por\u00e9m, mesmo [&hellip;]<\/p>\n","protected":false},"author":2,"featured_media":869,"comment_status":"closed","ping_status":"closed","sticky":false,"template":"","format":"standard","meta":{"footnotes":""},"categories":[17],"tags":[],"_links":{"self":[{"href":"https:\/\/www.simetriaplanosdesaude.com.br\/blog\/wp-json\/wp\/v2\/posts\/1124"}],"collection":[{"href":"https:\/\/www.simetriaplanosdesaude.com.br\/blog\/wp-json\/wp\/v2\/posts"}],"about":[{"href":"https:\/\/www.simetriaplanosdesaude.com.br\/blog\/wp-json\/wp\/v2\/types\/post"}],"author":[{"embeddable":true,"href":"https:\/\/www.simetriaplanosdesaude.com.br\/blog\/wp-json\/wp\/v2\/users\/2"}],"replies":[{"embeddable":true,"href":"https:\/\/www.simetriaplanosdesaude.com.br\/blog\/wp-json\/wp\/v2\/comments?post=1124"}],"version-history":[{"count":3,"href":"https:\/\/www.simetriaplanosdesaude.com.br\/blog\/wp-json\/wp\/v2\/posts\/1124\/revisions"}],"predecessor-version":[{"id":1161,"href":"https:\/\/www.simetriaplanosdesaude.com.br\/blog\/wp-json\/wp\/v2\/posts\/1124\/revisions\/1161"}],"wp:featuredmedia":[{"embeddable":true,"href":"https:\/\/www.simetriaplanosdesaude.com.br\/blog\/wp-json\/wp\/v2\/media\/869"}],"wp:attachment":[{"href":"https:\/\/www.simetriaplanosdesaude.com.br\/blog\/wp-json\/wp\/v2\/media?parent=1124"}],"wp:term":[{"taxonomy":"category","embeddable":true,"href":"https:\/\/www.simetriaplanosdesaude.com.br\/blog\/wp-json\/wp\/v2\/categories?post=1124"},{"taxonomy":"post_tag","embeddable":true,"href":"https:\/\/www.simetriaplanosdesaude.com.br\/blog\/wp-json\/wp\/v2\/tags?post=1124"}],"curies":[{"name":"wp","href":"https:\/\/api.w.org\/{rel}","templated":true}]}}