{"id":1572,"date":"2021-06-25T16:48:16","date_gmt":"2021-06-25T19:48:16","guid":{"rendered":"https:\/\/www.simetriaplanosdesaude.com.br\/blog\/?p=1572"},"modified":"2021-10-11T22:14:56","modified_gmt":"2021-10-12T01:14:56","slug":"tabela-de-precos-2021-compare-os-plano-de-saude-para-sua-profissao","status":"publish","type":"post","link":"https:\/\/www.simetriaplanosdesaude.com.br\/blog\/tabela-de-precos-2021-compare-os-plano-de-saude-para-sua-profissao\/","title":{"rendered":"Tabela de Pre\u00e7os 2021: Compare Plano de Sa\u00fade por Profiss\u00e3o"},"content":{"rendered":"<p>Encontre o plano de sa\u00fade para sua profiss\u00e3o: cabelereiros, barbeiros, lojistas, locadoras de autom\u00f3veis e muitas outras profiss\u00f5es est\u00e3o aderindo a este <a href=\"https:\/\/www.simetriaplanosdesaude.com.br\/\">Plano de Sa\u00fade<\/a>.<\/p>\n<p>Existem muitas op\u00e7\u00f5es de <a href=\"https:\/\/www.simetriaplanosdesaude.com.br\/blog\/melhores-planos-de-saude\/\" target=\"_blank\" rel=\"noopener\">planos<\/a> em Belo Horizonte e \u00e9 por isso que este conte\u00fado \u00e9 importante,\u00a0 para que voc\u00ea saiba sobre as modalidades dos planos e qual \u00e9 o melhor, dentro da sua necessidade.<\/p>\n<h3 style=\"text-align: center;\">Plano de sa\u00fade por profiss\u00e3o<\/h3>\n<p>&nbsp;<\/p>\n<p><a href=\"https:\/\/www.simetriaplanosdesaude.com.br\/blog\/tabela-de-precos-2021-compare-os-plano-de-saude-para-sua-profissao\"><img loading=\"lazy\" decoding=\"async\" class=\"aligncenter wp-image-1622 size-full\" title=\"Compare os Plano de sa\u00fade por profiss\u00e3o\" src=\"https:\/\/www.simetriaplanosdesaude.com.br\/blog\/wp-content\/uploads\/2021\/06\/2TRABALHADORES_simetriaplanosdesaude.png\" alt=\"Compare os Plano de sa\u00fade por profiss\u00e3o\" width=\"1004\" height=\"591\" srcset=\"https:\/\/www.simetriaplanosdesaude.com.br\/blog\/wp-content\/uploads\/2021\/06\/2TRABALHADORES_simetriaplanosdesaude.png 1004w, https:\/\/www.simetriaplanosdesaude.com.br\/blog\/wp-content\/uploads\/2021\/06\/2TRABALHADORES_simetriaplanosdesaude-300x177.png 300w, https:\/\/www.simetriaplanosdesaude.com.br\/blog\/wp-content\/uploads\/2021\/06\/2TRABALHADORES_simetriaplanosdesaude-768x452.png 768w\" sizes=\"(max-width: 1004px) 100vw, 1004px\" \/><\/a><\/p>\n<p>&nbsp;<\/p>\n<p>Com o passar dos anos contratar um plano de sa\u00fade, individual ou familiar, ficou mais dif\u00edcil. Isso porque, as operadoras que comercializavam essa modalidade mudaram o seu foco.<\/p>\n<p>Neste artigo, n\u00f3s vamos entender como essa categoria de plano de sa\u00fade pode trazer economia e atendimento de qualidade para voc\u00ea, sua fam\u00edlia e seu ambiente profissional.<\/p>\n<p>No plano coletivo por ades\u00e3o, voc\u00ea precisa ser filiado a um sindicato para fazer a contrata\u00e7\u00e3o.<\/p>\n<p>Ent\u00e3o, quais categorias profissionais podem adquirir ao plano?<\/p>\n<ul>\n<li>Profissionais filiados ao <strong>SINDBELEZAMG<\/strong>&#8211; Sindicato de Sal\u00f5es de Barbeiros e Cabelereiros;<\/li>\n<li>Filiados aos <strong>Sindimaco<\/strong>, <strong>Sindilojas <\/strong>&#8211;\u00a0Sindicatos do Com\u00e9rcio Atacadista e Varejista. Materiais de constru\u00e7\u00e3o;<\/li>\n<li>Filiados ao<strong> Sincovaga <\/strong>&#8211; Comerciantes do g\u00eanero aliment\u00edcio de Belo Horizonte e regi\u00e3o.<\/li>\n<\/ul>\n<p>Al\u00e9m disso, os planos de sa\u00fade podem ser contratados na modalidade coletivo por ades\u00e3o. Ela abrange os planos ambulatorial e hospitalar com obstetr\u00edcia.<\/p>\n<p>Fique por dentro dos valores dos planos de acordo com suas necessidades:<\/p>\n<p><strong><em>Confira abaixo os valores do Plano Sa\u00fade Sistema:<\/em><\/strong><\/p>\n<p><strong>Projeto Com\u00e9rcio Sa\u00fade (com coparticipa\u00e7\u00e3o de 0 a 69 anos*):<\/strong><\/p>\n<ul>\n<li><strong>Titular Enfermaria &#8211; <\/strong>R$ 126,10 *<\/li>\n<\/ul>\n<ul>\n<li><strong>Dependente Enfermaria &#8211; <\/strong>R$ 106,74*<\/li>\n<\/ul>\n<ul>\n<li><strong>Grupo familiar &#8211; <\/strong>R$ 339,59*<\/li>\n<\/ul>\n<p>Veja tamb\u00e9m, as \u00c1reas de abrang\u00eancia:<\/p>\n<p>Belo Horizonte, Betim, Contagem, Mateus Leme, Matozinhos, Nova Lima, Pedro Leopoldo, Sabar\u00e1 e Sete Lagoas.<\/p>\n<p>&nbsp;<\/p>\n<h3 style=\"text-align: center;\"><strong data-wp-editing=\"1\"><img loading=\"lazy\" decoding=\"async\" class=\"alignleft wp-image-1581 size-medium\" title=\"Plano de Sa\u00fade Para Cabelereiro\" src=\"https:\/\/www.simetriaplanosdesaude.com.br\/blog\/wp-content\/uploads\/2021\/06\/CABELEREIRA_simetriaplanosdesaude-300x300.png\" alt=\"Plano de Sa\u00fade Para Cabelereiro\" width=\"300\" height=\"300\" srcset=\"https:\/\/www.simetriaplanosdesaude.com.br\/blog\/wp-content\/uploads\/2021\/06\/CABELEREIRA_simetriaplanosdesaude-300x300.png 300w, https:\/\/www.simetriaplanosdesaude.com.br\/blog\/wp-content\/uploads\/2021\/06\/CABELEREIRA_simetriaplanosdesaude-1024x1024.png 1024w, https:\/\/www.simetriaplanosdesaude.com.br\/blog\/wp-content\/uploads\/2021\/06\/CABELEREIRA_simetriaplanosdesaude-150x150.png 150w, https:\/\/www.simetriaplanosdesaude.com.br\/blog\/wp-content\/uploads\/2021\/06\/CABELEREIRA_simetriaplanosdesaude-768x768.png 768w, https:\/\/www.simetriaplanosdesaude.com.br\/blog\/wp-content\/uploads\/2021\/06\/CABELEREIRA_simetriaplanosdesaude-80x80.png 80w, https:\/\/www.simetriaplanosdesaude.com.br\/blog\/wp-content\/uploads\/2021\/06\/CABELEREIRA_simetriaplanosdesaude.png 1080w\" sizes=\"(max-width: 300px) 100vw, 300px\" \/>Cabelereiro<\/strong><\/h3>\n<p style=\"text-align: left;\">O cabelereiro tem uma fun\u00e7\u00e3o muito importante que est\u00e1 diretamente ligada \u00e0 autoestima das pessoas.<\/p>\n<p style=\"text-align: left;\">Mas, a sa\u00fade do cabelereiro \u00e9 t\u00e3o importante quanto a de seus clientes. Ele precisa estar bem para exercer a sua profiss\u00e3o. para que isso aconte\u00e7a, ter um plano de sa\u00fade \u00e9 muito importante para que, se caso houver necessidade, o profissional possa ser bem assistido.<\/p>\n<p>&nbsp;<\/p>\n<h3 style=\"text-align: center;\"><strong><img loading=\"lazy\" decoding=\"async\" class=\"alignright wp-image-1584 size-medium\" title=\"Plano de Sa\u00fade Para Barbeiros\" src=\"https:\/\/www.simetriaplanosdesaude.com.br\/blog\/wp-content\/uploads\/2021\/06\/BARBEIRO_simetriaplanosdesaude-300x300.png\" alt=\"Plano de Sa\u00fade Para Barbeiros\" width=\"300\" height=\"300\" srcset=\"https:\/\/www.simetriaplanosdesaude.com.br\/blog\/wp-content\/uploads\/2021\/06\/BARBEIRO_simetriaplanosdesaude-300x300.png 300w, https:\/\/www.simetriaplanosdesaude.com.br\/blog\/wp-content\/uploads\/2021\/06\/BARBEIRO_simetriaplanosdesaude-1024x1024.png 1024w, https:\/\/www.simetriaplanosdesaude.com.br\/blog\/wp-content\/uploads\/2021\/06\/BARBEIRO_simetriaplanosdesaude-150x150.png 150w, https:\/\/www.simetriaplanosdesaude.com.br\/blog\/wp-content\/uploads\/2021\/06\/BARBEIRO_simetriaplanosdesaude-768x768.png 768w, https:\/\/www.simetriaplanosdesaude.com.br\/blog\/wp-content\/uploads\/2021\/06\/BARBEIRO_simetriaplanosdesaude-80x80.png 80w, https:\/\/www.simetriaplanosdesaude.com.br\/blog\/wp-content\/uploads\/2021\/06\/BARBEIRO_simetriaplanosdesaude.png 1080w\" sizes=\"(max-width: 300px) 100vw, 300px\" \/><\/strong><strong>Barbeiros<\/strong><\/h3>\n<p style=\"text-align: left;\">Sabemos que os cuidados com a beleza externa, valem tamb\u00e9m para os homens. A vaidade e a est\u00e9tica para o p\u00fablico masculino movimentam o comercio da beleza e os servi\u00e7os dos barbeiros tem sido, cada vez mais requisitados.<\/p>\n<p style=\"text-align: left;\">O barbeiro se dedica n\u00e3o s\u00f3 em real\u00e7ar a apar\u00eancia externa do seu cliente, mas tamb\u00e9m em elevar sua autoestima profissional e pessoal.<\/p>\n<p>&nbsp;<\/p>\n<h3 style=\"text-align: center;\"><img loading=\"lazy\" decoding=\"async\" class=\"alignleft wp-image-1583 size-medium\" title=\"Plano de Sa\u00fade para Lojistas\" src=\"https:\/\/www.simetriaplanosdesaude.com.br\/blog\/wp-content\/uploads\/2021\/06\/LOJISTA_simetriaplanosdesaude-300x300.png\" alt=\"Plano de Sa\u00fade para Lojistas\" width=\"300\" height=\"300\" srcset=\"https:\/\/www.simetriaplanosdesaude.com.br\/blog\/wp-content\/uploads\/2021\/06\/LOJISTA_simetriaplanosdesaude-300x300.png 300w, https:\/\/www.simetriaplanosdesaude.com.br\/blog\/wp-content\/uploads\/2021\/06\/LOJISTA_simetriaplanosdesaude-1024x1024.png 1024w, https:\/\/www.simetriaplanosdesaude.com.br\/blog\/wp-content\/uploads\/2021\/06\/LOJISTA_simetriaplanosdesaude-150x150.png 150w, https:\/\/www.simetriaplanosdesaude.com.br\/blog\/wp-content\/uploads\/2021\/06\/LOJISTA_simetriaplanosdesaude-768x768.png 768w, https:\/\/www.simetriaplanosdesaude.com.br\/blog\/wp-content\/uploads\/2021\/06\/LOJISTA_simetriaplanosdesaude-80x80.png 80w, https:\/\/www.simetriaplanosdesaude.com.br\/blog\/wp-content\/uploads\/2021\/06\/LOJISTA_simetriaplanosdesaude.png 1080w\" sizes=\"(max-width: 300px) 100vw, 300px\" \/><\/h3>\n<h3><\/h3>\n<h3 style=\"text-align: center;\"><strong>Lojistas<\/strong><\/h3>\n<p style=\"text-align: left;\">Antes de tudo, o vendedor \u00e9 um profissional essencial para o com\u00e9rcio do pa\u00eds. Ele atua diretamente com o cliente comercializando os mais diversos produtos.<\/p>\n<p style=\"text-align: left;\">Assim sendo, estes profissionais trabalham v\u00e1rias t\u00e9cnicas para que sempre sejam poss\u00edveis atender aos seus clientes da melhor forma.<\/p>\n<p>&nbsp;<\/p>\n<p>&nbsp;<\/p>\n<h3 style=\"text-align: center;\"><strong><img loading=\"lazy\" decoding=\"async\" class=\"alignright wp-image-1620 size-medium\" title=\"Plano de Sa\u00fade Para Locadora de Autom\u00f3veis\" src=\"https:\/\/www.simetriaplanosdesaude.com.br\/blog\/wp-content\/uploads\/2021\/06\/LOCADORDEAUTOMOVEIS_simetriaplanosdesaude-300x300.png\" alt=\"Plano de Sa\u00fade Para Locadora de Autom\u00f3veis\" width=\"300\" height=\"300\" srcset=\"https:\/\/www.simetriaplanosdesaude.com.br\/blog\/wp-content\/uploads\/2021\/06\/LOCADORDEAUTOMOVEIS_simetriaplanosdesaude-300x300.png 300w, https:\/\/www.simetriaplanosdesaude.com.br\/blog\/wp-content\/uploads\/2021\/06\/LOCADORDEAUTOMOVEIS_simetriaplanosdesaude-1024x1024.png 1024w, https:\/\/www.simetriaplanosdesaude.com.br\/blog\/wp-content\/uploads\/2021\/06\/LOCADORDEAUTOMOVEIS_simetriaplanosdesaude-150x150.png 150w, https:\/\/www.simetriaplanosdesaude.com.br\/blog\/wp-content\/uploads\/2021\/06\/LOCADORDEAUTOMOVEIS_simetriaplanosdesaude-768x768.png 768w, https:\/\/www.simetriaplanosdesaude.com.br\/blog\/wp-content\/uploads\/2021\/06\/LOCADORDEAUTOMOVEIS_simetriaplanosdesaude-80x80.png 80w, https:\/\/www.simetriaplanosdesaude.com.br\/blog\/wp-content\/uploads\/2021\/06\/LOCADORDEAUTOMOVEIS_simetriaplanosdesaude.png 1080w\" sizes=\"(max-width: 300px) 100vw, 300px\" \/><\/strong><\/h3>\n<h3 style=\"text-align: center;\"><strong>Locadora de Autom\u00f3veis<\/strong><\/h3>\n<p style=\"text-align: left;\">De fato,\u00a0 mercado de loca\u00e7\u00e3o de ve\u00edculos tem crescido muito nos \u00faltimos tempos. Uma parte da popula\u00e7\u00e3o tem optado por alugar um carro ou moto. Assim,\u00a0 esse beneficio traz mais praticidade no seu dia a dia te auxiliando em sua locomo\u00e7\u00e3o para o trabalho.<\/p>\n<p style=\"text-align: left;\">Portanto, o profissional que atua na loca\u00e7\u00e3o de ve\u00edculos est\u00e1 o tempo todo na fun\u00e7\u00e3o de te apresentar o melhor produto. Ent\u00e3o, voc\u00ea poder\u00e1 investir seu dinheiro no autom\u00f3vel certo.<\/p>\n<p>&nbsp;<\/p>\n<p>Logo, quando voc\u00ea contrata um plano de sa\u00fade, seja ele empresarial, individual ou familiar, voc\u00ea est\u00e1 protegendo voc\u00ea e seus familiares das situa\u00e7\u00f5es mais inesperadas que podem acontecer em suas vidas.<\/p>\n<p><a href=\"https:\/\/www.simetriaplanosdesaude.com.br\/blog\/melhores-planos-de-saude\/\"><strong>Quais os melhores planos que existem no mercado?<\/strong><\/a><\/p>\n<p>Neste cen\u00e1rio, O Projeto Com\u00e9rcio Sa\u00fade traz uma oportunidade \u00fanica com os melhores pre\u00e7os e condi\u00e7\u00f5es do mercado.<\/p>\n<p>Dessa forma, temos um compromisso com o seu bem-estar. Para te auxiliar, trabalhamos com planos exclusivos para v\u00e1rios setores.<\/p>\n<p>Por fim, \u00e9 importante consultar um corretor autorizado para que ele forne\u00e7a todas as informa\u00e7\u00f5es.<\/p>\n<p><a href=\"https:\/\/www.simetriaplanosdesaude.com.br\/solicite-seu-orcamento\">Solicite sua cota\u00e7\u00e3o com um de nossos corretores de plant\u00e3o! Cota\u00e7\u00e3o 100% online, segura e sem burocracia.<\/a><\/p>\n<p>&nbsp;<\/p>\n","protected":false},"excerpt":{"rendered":"<p>Encontre o plano de sa\u00fade para sua profiss\u00e3o: cabelereiros, barbeiros, lojistas, locadoras de autom\u00f3veis e muitas outras profiss\u00f5es est\u00e3o aderindo a este Plano de Sa\u00fade. Existem muitas op\u00e7\u00f5es de planos em Belo Horizonte e \u00e9 por isso que este conte\u00fado \u00e9 importante,\u00a0 para que voc\u00ea saiba sobre as modalidades dos planos e qual \u00e9 o [&hellip;]<\/p>\n","protected":false},"author":1,"featured_media":1622,"comment_status":"closed","ping_status":"closed","sticky":false,"template":"","format":"standard","meta":{"footnotes":""},"categories":[25],"tags":[],"_links":{"self":[{"href":"https:\/\/www.simetriaplanosdesaude.com.br\/blog\/wp-json\/wp\/v2\/posts\/1572"}],"collection":[{"href":"https:\/\/www.simetriaplanosdesaude.com.br\/blog\/wp-json\/wp\/v2\/posts"}],"about":[{"href":"https:\/\/www.simetriaplanosdesaude.com.br\/blog\/wp-json\/wp\/v2\/types\/post"}],"author":[{"embeddable":true,"href":"https:\/\/www.simetriaplanosdesaude.com.br\/blog\/wp-json\/wp\/v2\/users\/1"}],"replies":[{"embeddable":true,"href":"https:\/\/www.simetriaplanosdesaude.com.br\/blog\/wp-json\/wp\/v2\/comments?post=1572"}],"version-history":[{"count":44,"href":"https:\/\/www.simetriaplanosdesaude.com.br\/blog\/wp-json\/wp\/v2\/posts\/1572\/revisions"}],"predecessor-version":[{"id":2125,"href":"https:\/\/www.simetriaplanosdesaude.com.br\/blog\/wp-json\/wp\/v2\/posts\/1572\/revisions\/2125"}],"wp:featuredmedia":[{"embeddable":true,"href":"https:\/\/www.simetriaplanosdesaude.com.br\/blog\/wp-json\/wp\/v2\/media\/1622"}],"wp:attachment":[{"href":"https:\/\/www.simetriaplanosdesaude.com.br\/blog\/wp-json\/wp\/v2\/media?parent=1572"}],"wp:term":[{"taxonomy":"category","embeddable":true,"href":"https:\/\/www.simetriaplanosdesaude.com.br\/blog\/wp-json\/wp\/v2\/categories?post=1572"},{"taxonomy":"post_tag","embeddable":true,"href":"https:\/\/www.simetriaplanosdesaude.com.br\/blog\/wp-json\/wp\/v2\/tags?post=1572"}],"curies":[{"name":"wp","href":"https:\/\/api.w.org\/{rel}","templated":true}]}}