{"id":1763,"date":"2021-07-12T12:06:21","date_gmt":"2021-07-12T15:06:21","guid":{"rendered":"https:\/\/www.simetriaplanosdesaude.com.br\/blog\/?p=1763"},"modified":"2021-10-07T11:52:53","modified_gmt":"2021-10-07T14:52:53","slug":"plano-de-saude-individual-tem-o-valor-reduzido-pela-ans","status":"publish","type":"post","link":"https:\/\/www.simetriaplanosdesaude.com.br\/blog\/plano-de-saude-individual-tem-o-valor-reduzido-pela-ans\/","title":{"rendered":"Plano de sa\u00fade individual tem o valor reduzido pela ANS"},"content":{"rendered":"<h2><a href=\"https:\/\/www.gov.br\/ans\/pt-br\" target=\"_blank\" rel=\"noopener\">ANS<\/a> reduz o <a href=\"https:\/\/www.simetriaplanosdesaude.com.br\/plano-de-saude-individual\">valor do plano de sa\u00fade individual<\/a> em 8,19%. A decis\u00e3o foi tomada devido a baixa utiliza\u00e7\u00e3o no per\u00edodo da pandemia.<\/h2>\n<p>&nbsp;<\/p>\n<p>Na \u00faltima quinta-feira (8), a Ag\u00eancia Nacional de Sa\u00fade Suplementar (ANS)\u00a0 decidiu que, pela primeira vez, o plano de sa\u00fade individual ser\u00e1 mais barato.<\/p>\n<p>Dessa forma, ag\u00eancia aprovou essa queda do valor, por unanimidade em uma reuni\u00e3o aberta e virtual.<\/p>\n<p>Vale lembrar que, esse reajuste n\u00e3o vale para os planos de sa\u00fade coletivos, por exemplo os empresariais e os coletivos por ades\u00e3o. Onde os consumidores contratam o plano em grupo.<\/p>\n<p>Dessa forma, a ag\u00eancia espera que ap\u00f3s essa decis\u00e3o aconte\u00e7a uma queda nos contratos de planos de sa\u00fade, at\u00e9 abril de 2022.<\/p>\n<h3><strong>Redu\u00e7\u00e3o de gastos em atendimentos ambulatoriais<\/strong><\/h3>\n<p>A ANS tomou esta decis\u00e3o devido \u00e0 redu\u00e7\u00e3o em atendimentos e servi\u00e7os pelos clientes no ano de 2020.<\/p>\n<p>Saiba que, o custo final do plano de sa\u00fade sofre influ\u00eancia de fatores externos. Por exemplo, o aumento ou baixa da const\u00e2ncia de uso do <a href=\"https:\/\/www.simetriaplanosdesaude.com.br\/blog\/compare-os-planos-de-saude\/\">plano de sa\u00fade<\/a>. Al\u00e9m da inclus\u00e3o de novas tecnologias.<\/p>\n<p>Al\u00e9m disso, o isolamento social causado pela Covid- 19 fez com que as pessoas ficassem mais dentro de casa. Com isso, houve uma queda na procura por atendimentos que n\u00e3o eram urgentes.<\/p>\n<p>Assim, mesmo com o aumento das interna\u00e7\u00f5es realizadas em consequ\u00eancia da pandemia, os planos baixaram seus gastos e outros setores. Como exemplo os procedimentos ambulatoriais simples.<\/p>\n<h3><strong>Vantagem restrita com o novo valor do plano individual<\/strong><\/h3>\n<p>A princ\u00edpio, a ANS autoriza a aplica\u00e7\u00e3o do reajuste a partir da data de anivers\u00e1rio do contrato.<\/p>\n<p>O valor reduzido vale s\u00f3 para os planos de sa\u00fade individual ou familiar m\u00e9dico. Por\u00e9m, esse tipo de contrata\u00e7\u00e3o diz respeito a 17% dos clientes totais do plano de sa\u00fade.<\/p>\n<p>Ent\u00e3o, os clientes devem ficar atentos quanto ao valor cobrado no pagamento do boleto dos planos. Al\u00e9m de observar se o reajuste foi aplicado.<\/p>\n<h3>Saiba mais<\/h3>\n<p>Para que voc\u00ea n\u00e3o\u00a0 fique com d\u00favidas, entre em contato com um de nossos corretores. Realize uma cota\u00e7\u00e3o online e encontre um plano de sa\u00fade com o melhor custo benef\u00edcio para voc\u00ea!<\/p>\n","protected":false},"excerpt":{"rendered":"<p>ANS reduz o valor do plano de sa\u00fade individual em 8,19%. A decis\u00e3o foi tomada devido a baixa utiliza\u00e7\u00e3o no per\u00edodo da pandemia. &nbsp; Na \u00faltima quinta-feira (8), a Ag\u00eancia Nacional de Sa\u00fade Suplementar (ANS)\u00a0 decidiu que, pela primeira vez, o plano de sa\u00fade individual ser\u00e1 mais barato. Dessa forma, ag\u00eancia aprovou essa queda do [&hellip;]<\/p>\n","protected":false},"author":1,"featured_media":2088,"comment_status":"closed","ping_status":"closed","sticky":false,"template":"","format":"standard","meta":{"footnotes":""},"categories":[18],"tags":[],"_links":{"self":[{"href":"https:\/\/www.simetriaplanosdesaude.com.br\/blog\/wp-json\/wp\/v2\/posts\/1763"}],"collection":[{"href":"https:\/\/www.simetriaplanosdesaude.com.br\/blog\/wp-json\/wp\/v2\/posts"}],"about":[{"href":"https:\/\/www.simetriaplanosdesaude.com.br\/blog\/wp-json\/wp\/v2\/types\/post"}],"author":[{"embeddable":true,"href":"https:\/\/www.simetriaplanosdesaude.com.br\/blog\/wp-json\/wp\/v2\/users\/1"}],"replies":[{"embeddable":true,"href":"https:\/\/www.simetriaplanosdesaude.com.br\/blog\/wp-json\/wp\/v2\/comments?post=1763"}],"version-history":[{"count":8,"href":"https:\/\/www.simetriaplanosdesaude.com.br\/blog\/wp-json\/wp\/v2\/posts\/1763\/revisions"}],"predecessor-version":[{"id":2089,"href":"https:\/\/www.simetriaplanosdesaude.com.br\/blog\/wp-json\/wp\/v2\/posts\/1763\/revisions\/2089"}],"wp:featuredmedia":[{"embeddable":true,"href":"https:\/\/www.simetriaplanosdesaude.com.br\/blog\/wp-json\/wp\/v2\/media\/2088"}],"wp:attachment":[{"href":"https:\/\/www.simetriaplanosdesaude.com.br\/blog\/wp-json\/wp\/v2\/media?parent=1763"}],"wp:term":[{"taxonomy":"category","embeddable":true,"href":"https:\/\/www.simetriaplanosdesaude.com.br\/blog\/wp-json\/wp\/v2\/categories?post=1763"},{"taxonomy":"post_tag","embeddable":true,"href":"https:\/\/www.simetriaplanosdesaude.com.br\/blog\/wp-json\/wp\/v2\/tags?post=1763"}],"curies":[{"name":"wp","href":"https:\/\/api.w.org\/{rel}","templated":true}]}}