{"id":1984,"date":"2021-09-10T11:10:08","date_gmt":"2021-09-10T14:10:08","guid":{"rendered":"https:\/\/www.simetriaplanosdesaude.com.br\/blog\/?p=1984"},"modified":"2021-09-10T13:52:27","modified_gmt":"2021-09-10T16:52:27","slug":"10-de-setembro-dia-mundial-de-prevencao-do-suicidio","status":"publish","type":"post","link":"https:\/\/www.simetriaplanosdesaude.com.br\/blog\/10-de-setembro-dia-mundial-de-prevencao-do-suicidio\/","title":{"rendered":"10 de setembro- Dia Mundial de Preven\u00e7\u00e3o do Suic\u00eddio"},"content":{"rendered":"<h2>O suic\u00eddio \u00e9 um problema grave de sa\u00fade p\u00fablica, por todo o mundo!<\/h2>\n<p>Estima-se que por ano, mais de 800 mil pessoas cometam suic\u00eddio. Algo muito pr\u00f3ximo de um suic\u00eddio a cada 40 segundos.<\/p>\n<h3><strong>Dia 10 de setembro- Dia mundial de preven\u00e7\u00e3o do suic\u00eddio<\/strong><\/h3>\n<p>O Setembro Amarelo tem o objetivo de chamar a aten\u00e7\u00e3o para a preven\u00e7\u00e3o do suic\u00eddio, atrav\u00e9s de campanhas sobre a valoriza\u00e7\u00e3o da vida. Assim, a ideia \u00e9 que todas as pessoas do mundo comessem a se importar mais pela causa.<\/p>\n<p>E com isso, a cada ano que passa, esse assunto t\u00e3o importante vem ganhando espa\u00e7o e diversas cren\u00e7as v\u00eam sendo quebradas. Logo, atualmente \u00e9 muito mais f\u00e1cil falar sobre temas relevantes como ansiedade, depress\u00e3o.<\/p>\n<p>Todos sabem que os anos de 2020 e 2021 n\u00e3o t\u00eam sido como o desejado pela sociedade. Diante de tantos acontecimentos, a sa\u00fade mental junto \u00e0 emocional das pessoas foram drasticamente afetadas. Independentemente da idade ou da classe social que elas ocupam.<\/p>\n<h3><strong>Muito al\u00e9m do m\u00eas de Setembro<\/strong><\/h3>\n<p><img loading=\"lazy\" decoding=\"async\" class=\"wp-image-1985 size-medium aligncenter\" title=\"Suic\u00eddio n\u00e3o \u00e9 irresponsabilidade \" src=\"https:\/\/www.simetriaplanosdesaude.com.br\/blog\/wp-content\/uploads\/2021\/09\/unimed_simetriaplanosdesaude-2-300x300.png\" alt=\"Suic\u00eddio n\u00e3o \u00e9 irresponsabilidade \" width=\"300\" height=\"300\" srcset=\"https:\/\/www.simetriaplanosdesaude.com.br\/blog\/wp-content\/uploads\/2021\/09\/unimed_simetriaplanosdesaude-2-300x300.png 300w, https:\/\/www.simetriaplanosdesaude.com.br\/blog\/wp-content\/uploads\/2021\/09\/unimed_simetriaplanosdesaude-2-1024x1024.png 1024w, https:\/\/www.simetriaplanosdesaude.com.br\/blog\/wp-content\/uploads\/2021\/09\/unimed_simetriaplanosdesaude-2-150x150.png 150w, https:\/\/www.simetriaplanosdesaude.com.br\/blog\/wp-content\/uploads\/2021\/09\/unimed_simetriaplanosdesaude-2-768x768.png 768w, https:\/\/www.simetriaplanosdesaude.com.br\/blog\/wp-content\/uploads\/2021\/09\/unimed_simetriaplanosdesaude-2-80x80.png 80w, https:\/\/www.simetriaplanosdesaude.com.br\/blog\/wp-content\/uploads\/2021\/09\/unimed_simetriaplanosdesaude-2.png 1080w\" sizes=\"(max-width: 300px) 100vw, 300px\" \/><\/p>\n<p>Diversos assuntos ganharam espa\u00e7o por todo o mundo fazendo com as pessoas se manifestassem e mostrassem para a sociedade que nem sempre tudo ser\u00e1 bom, muito menos f\u00e1cil de lidar. Algu\u00e9m que antes possu\u00eda algum transtorno mental era taxado como pregui\u00e7oso e sem responsabilidade. Atualmente esta mesma pessoa j\u00e1 \u00e9 ouvida e acolhida pelos outros.<\/p>\n<p>Vale lembrar que, de nada adianta esconder o suic\u00eddio das suas conversas e di\u00e1logos com seus familiares e amigo. Pois isso, n\u00e3o evitar\u00e1 que as pessoas se matem. Na verdade, falar sobre o suic\u00eddio \u00e9 uma das poucas e importantes formas de preveni-lo. Porque existem pessoas que est\u00e3o o tempo todo se sentindo sufocadas, por n\u00e3o terem com que conversar e dizer o que sente.<\/p>\n<h3><strong>Suic\u00eddio e idea\u00e7\u00e3o suicida<\/strong><\/h3>\n<p>O suic\u00eddio \u00e9 a morte por consequ\u00eancias de a\u00e7\u00f5es danosas auto-dirigidas sendo a morte o \u00fanico objetivo.<\/p>\n<p>J\u00e1 a idea\u00e7\u00e3o suicida diz mais sobre pensar ou planejar o suic\u00eddio. A idea\u00e7\u00e3o suicida \u00e9 muito mais comum de acontecer do que o suic\u00eddio de fato. Por\u00e9m, existe uma rela\u00e7\u00e3o \u00edntima entre as duas coisas. Mas a maior parte das pessoas que t\u00eam idea\u00e7\u00e3o suicida n\u00e3o se matam. Ent\u00e3o \u00e9 poss\u00edvel perceber que existem muitos outros fatores em jogo.<\/p>\n<p>O suic\u00eddio \u00e9 mais comum de ocorrer em pa\u00edses mais ricos do que em pa\u00edses mais pobres. Entre os homens do que entre as mulheres e entre os ais idosos do que entre os mais jovens. Mas isso tudo depende de in\u00fameros fatores.<\/p>\n<p>Por exemplo, o suic\u00eddio \u00e9 a principal causa de morte no mundo entre mulheres de 15 a 19 anos. Cerca de 90% das pessoas que cometem suic\u00eddio possuem transtornos mentais, como depress\u00e3o.<\/p>\n<p>Ent\u00e3o essa tamb\u00e9m \u00e9 uma rela\u00e7\u00e3o bem mais complicada do que parece ser. N\u00e3o \u00e9 f\u00e1cil imaginar em qual lugar as pessoas comentem mais suic\u00eddios e qual \u00e9 a causa desse problema.<\/p>\n<p>Veja bem, at\u00e9 mesmo o clima do pa\u00eds pode influenciar nas sensa\u00e7\u00f5es e nas emo\u00e7\u00f5es das pessoas e fazer com que elas fiquem mais tristes e introspectivas.<\/p>\n<h3><strong>Fatores que levam ao suic\u00eddio<\/strong><\/h3>\n<p>Neste sentido, no Canad\u00e1, em per\u00edodos em que o frio \u00e9 horr\u00edvel, e a popula\u00e7\u00e3o n\u00e3o consegue sair de casa devido \u00e0 neve, v\u00e1rios eventos culturais acontecem no pa\u00eds e s\u00e3o transmitidos para a popula\u00e7\u00e3o. Para que assim elas n\u00e3o fiquem em casa sozinhas sem ter o que fazer.<\/p>\n<p>Al\u00e9m disso, o transtorno depressivo maior, o transtorno bipolar e o estresse p\u00f3s-traum\u00e1tico s\u00e3o alguns dos transtornos que mais se relacionam com o suic\u00eddio. Assim como estados de sa\u00fade graves ou situa\u00e7\u00f5es em que a pessoa est\u00e1 em tratamento por uma doen\u00e7a terminal.<\/p>\n<p>Ou tamb\u00e9m, uma hist\u00f3ria de vida marcada por abuso f\u00edsico, psicol\u00f3gico ou sexual. Muitas pessoas s\u00e3o abusadas sexualmente e n\u00e3o conseguem denunciar, porque vivem na mesma casa que o seu abusador.<\/p>\n<h3><strong>10 de Setembro- Ouvir e acolher vale muito!<\/strong><\/h3>\n<p>Geralmente, de acordo com relatos de pessoas que conviveram com algu\u00e9m que se matou, elas comentam sobre inten\u00e7\u00f5es de suic\u00eddio em algum momento de suas vidas.<\/p>\n<p>Assim, qualquer inten\u00e7\u00e3o ou tentativa de suic\u00eddio deve ser levado a s\u00e9rio. Um coment\u00e1rio sobre suic\u00eddio pode ser apenas um desabafo, uma brincadeira, um pedido de ajuda ou um aviso mesmo.<\/p>\n<p>Como n\u00e3o d\u00e1 para saber se isso \u00e9 verdade, na hora em que acontece, a melhor coisa a fazer \u00e9 acreditar naquilo que a pessoa est\u00e1 dizendo, oferecer suporte. E n\u00e3o esquecer de escutar atentamente o que ela tem a te dizer, sem fazer julgamento algum.<\/p>\n<h3><strong>Informa\u00e7\u00e3o importante sobre a preven\u00e7\u00e3o do suic\u00eddio<\/strong><\/h3>\n<p>Gestos simples assim, podem evitar uma morte!<\/p>\n<p>Se voc\u00ea est\u00e1 pensando em cometer suic\u00eddio, <a href=\"https:\/\/www.cvv.org.br\/\">voc\u00ea pode ligar para o n\u00famero 188<\/a> e voc\u00ea conversar\u00e1 com um volunt\u00e1rio do CVV- Centro de Valoriza\u00e7\u00e3o da Vida. Sua liga\u00e7\u00e3o estar\u00e1 sob total sigilo por telefone, e-mail e chat 24 horas todos os dias.<\/p>\n<p>Leia tamb\u00e9m:<\/p>\n<p><a href=\"https:\/\/www.simetriaplanosdesaude.com.br\/blog\/saude-mental-saiba-qual-e-a-importancia-dela-para-a-sua-vida\/\">Sa\u00fade Mental: Saiba qual a import\u00e2ncia<\/a><\/p>\n","protected":false},"excerpt":{"rendered":"<p>O suic\u00eddio \u00e9 um problema grave de sa\u00fade p\u00fablica, por todo o mundo! Estima-se que por ano, mais de 800 mil pessoas cometam suic\u00eddio. Algo muito pr\u00f3ximo de um suic\u00eddio a cada 40 segundos. Dia 10 de setembro- Dia mundial de preven\u00e7\u00e3o do suic\u00eddio O Setembro Amarelo tem o objetivo de chamar a aten\u00e7\u00e3o para [&hellip;]<\/p>\n","protected":false},"author":1,"featured_media":1986,"comment_status":"closed","ping_status":"closed","sticky":false,"template":"","format":"standard","meta":{"footnotes":""},"categories":[21],"tags":[],"_links":{"self":[{"href":"https:\/\/www.simetriaplanosdesaude.com.br\/blog\/wp-json\/wp\/v2\/posts\/1984"}],"collection":[{"href":"https:\/\/www.simetriaplanosdesaude.com.br\/blog\/wp-json\/wp\/v2\/posts"}],"about":[{"href":"https:\/\/www.simetriaplanosdesaude.com.br\/blog\/wp-json\/wp\/v2\/types\/post"}],"author":[{"embeddable":true,"href":"https:\/\/www.simetriaplanosdesaude.com.br\/blog\/wp-json\/wp\/v2\/users\/1"}],"replies":[{"embeddable":true,"href":"https:\/\/www.simetriaplanosdesaude.com.br\/blog\/wp-json\/wp\/v2\/comments?post=1984"}],"version-history":[{"count":5,"href":"https:\/\/www.simetriaplanosdesaude.com.br\/blog\/wp-json\/wp\/v2\/posts\/1984\/revisions"}],"predecessor-version":[{"id":1991,"href":"https:\/\/www.simetriaplanosdesaude.com.br\/blog\/wp-json\/wp\/v2\/posts\/1984\/revisions\/1991"}],"wp:featuredmedia":[{"embeddable":true,"href":"https:\/\/www.simetriaplanosdesaude.com.br\/blog\/wp-json\/wp\/v2\/media\/1986"}],"wp:attachment":[{"href":"https:\/\/www.simetriaplanosdesaude.com.br\/blog\/wp-json\/wp\/v2\/media?parent=1984"}],"wp:term":[{"taxonomy":"category","embeddable":true,"href":"https:\/\/www.simetriaplanosdesaude.com.br\/blog\/wp-json\/wp\/v2\/categories?post=1984"},{"taxonomy":"post_tag","embeddable":true,"href":"https:\/\/www.simetriaplanosdesaude.com.br\/blog\/wp-json\/wp\/v2\/tags?post=1984"}],"curies":[{"name":"wp","href":"https:\/\/api.w.org\/{rel}","templated":true}]}}