{"id":2151,"date":"2021-10-19T14:46:14","date_gmt":"2021-10-19T17:46:14","guid":{"rendered":"https:\/\/www.simetriaplanosdesaude.com.br\/blog\/?p=2151"},"modified":"2021-10-19T15:49:06","modified_gmt":"2021-10-19T18:49:06","slug":"19-de-outubro-o-combate-ao-cancer-de-mama-e-uma-luta-internacional","status":"publish","type":"post","link":"https:\/\/www.simetriaplanosdesaude.com.br\/blog\/19-de-outubro-o-combate-ao-cancer-de-mama-e-uma-luta-internacional\/","title":{"rendered":"19 de outubro: O combate ao c\u00e2ncer de mama \u00e9 uma luta internacional"},"content":{"rendered":"<h1>No dia Internacional do combate ao c\u00e2ncer de mama, priorize a sua sa\u00fade e se atente aos cuidados com seu corpo!<\/h1>\n<p>Antes de tudo, saiba que o c\u00e2ncer de mama \u00e9 o segundo tumor mais comum entre as mulheres. O que quer dizer que o \u00edndice de pessoas atingidas \u00e9 muito grande.<\/p>\n<p>Por\u00e9m, a doen\u00e7a se inicia muitas vezes de forma silenciosa n\u00e3o sendo t\u00e3o f\u00e1cil detectar. Al\u00e9m disso, os n\u00f3dulos s\u00e3o normalmente pequenos e s\u00f3 \u00e9 diagnosticado por um exame de autoimagem ou a mamografia. Por isso, <a href=\"https:\/\/www.simetriaplanosdesaude.com.br\/blog\/melhores-planos-de-saude\/\">ir ao ginecologista ao menos uma vez no ano<\/a> e fazer os exames de rotina \u00e9 fundamental.<\/p>\n<p>Saiba que o seu corpo se comunica o tempo todo com voc\u00ea e te apresenta v\u00e1rios sinais, quando as coisas n\u00e3o est\u00e3o indo bem. Para tanto, algumas dicas s\u00e3o importantes e facilitam muito o diagn\u00f3stico de v\u00e1rias doen\u00e7as, incluindo o c\u00e2ncer de mama.<\/p>\n<h3>Dicas valiosas que ajudam no diagn\u00f3stico do c\u00e2ncer de mama:<\/h3>\n<ul>\n<li><strong>Levante os bra\u00e7os e apalpe sua mama com as pontas dos dedos:\u00a0<\/strong>Fa\u00e7a movimentos circulares e repita o processo no outro seio.<\/li>\n<li><strong>Na mesma posi\u00e7\u00e3o, apalpe seus mamilos:\u00a0<\/strong>Observe se eles expelem algum l\u00edquido com colora\u00e7\u00e3o avermelhada.<\/li>\n<li><strong>Apalpe as suas axilas:<\/strong> Tente sentir algum n\u00f3dulo e se ele \u00e9 doloroso ou n\u00e3o. Caso isso aconte\u00e7a, n\u00e3o deixe de procurar ajuda m\u00e9dica.<\/li>\n<\/ul>\n<h3>Quanto mais r\u00e1pido o diagn\u00f3stico acontecer, maiores s\u00e3o as chances da cura<\/h3>\n<p>Lembre-se que o ato de se tocar vai muito al\u00e9m de um simples autoexame. Pois, priorizar os cuidados com o seu corpo podem fazer toda a diferen\u00e7a no diagn\u00f3stico de qualquer doen\u00e7a. Dessa forma, n\u00e3o deixe de comparecer \u00e0s suas consultas de rotina e n\u00e3o se esque\u00e7a de fazer o exame de mama.<\/p>\n<p>Logo, o <a href=\"https:\/\/www.inca.gov.br\/campanhas\/cancer-de-mama\/2020\/outubro-rosa-2020\">diagn\u00f3stico precoce do c\u00e2ncer de mama<\/a> permite que a cura da doen\u00e7a aconte\u00e7a mais r\u00e1pida e que o tratamento n\u00e3o seja t\u00e3o invasivo. Do contr\u00e1rio, o tratamento tamb\u00e9m ir\u00e1 demorar e isso influencia tanto na recupera\u00e7\u00e3o do paciente quanto nas chances de cura.<\/p>\n<p>&nbsp;<\/p>\n","protected":false},"excerpt":{"rendered":"<p>No dia Internacional do combate ao c\u00e2ncer de mama, priorize a sua sa\u00fade e se atente aos cuidados com seu corpo! Antes de tudo, saiba que o c\u00e2ncer de mama \u00e9 o segundo tumor mais comum entre as mulheres. O que quer dizer que o \u00edndice de pessoas atingidas \u00e9 muito grande. Por\u00e9m, a doen\u00e7a [&hellip;]<\/p>\n","protected":false},"author":1,"featured_media":2154,"comment_status":"closed","ping_status":"closed","sticky":false,"template":"","format":"standard","meta":{"footnotes":""},"categories":[21],"tags":[],"_links":{"self":[{"href":"https:\/\/www.simetriaplanosdesaude.com.br\/blog\/wp-json\/wp\/v2\/posts\/2151"}],"collection":[{"href":"https:\/\/www.simetriaplanosdesaude.com.br\/blog\/wp-json\/wp\/v2\/posts"}],"about":[{"href":"https:\/\/www.simetriaplanosdesaude.com.br\/blog\/wp-json\/wp\/v2\/types\/post"}],"author":[{"embeddable":true,"href":"https:\/\/www.simetriaplanosdesaude.com.br\/blog\/wp-json\/wp\/v2\/users\/1"}],"replies":[{"embeddable":true,"href":"https:\/\/www.simetriaplanosdesaude.com.br\/blog\/wp-json\/wp\/v2\/comments?post=2151"}],"version-history":[{"count":4,"href":"https:\/\/www.simetriaplanosdesaude.com.br\/blog\/wp-json\/wp\/v2\/posts\/2151\/revisions"}],"predecessor-version":[{"id":2156,"href":"https:\/\/www.simetriaplanosdesaude.com.br\/blog\/wp-json\/wp\/v2\/posts\/2151\/revisions\/2156"}],"wp:featuredmedia":[{"embeddable":true,"href":"https:\/\/www.simetriaplanosdesaude.com.br\/blog\/wp-json\/wp\/v2\/media\/2154"}],"wp:attachment":[{"href":"https:\/\/www.simetriaplanosdesaude.com.br\/blog\/wp-json\/wp\/v2\/media?parent=2151"}],"wp:term":[{"taxonomy":"category","embeddable":true,"href":"https:\/\/www.simetriaplanosdesaude.com.br\/blog\/wp-json\/wp\/v2\/categories?post=2151"},{"taxonomy":"post_tag","embeddable":true,"href":"https:\/\/www.simetriaplanosdesaude.com.br\/blog\/wp-json\/wp\/v2\/tags?post=2151"}],"curies":[{"name":"wp","href":"https:\/\/api.w.org\/{rel}","templated":true}]}}