{"id":2191,"date":"2021-11-09T20:37:28","date_gmt":"2021-11-09T22:37:28","guid":{"rendered":"https:\/\/www.simetriaplanosdesaude.com.br\/blog\/?p=2191"},"modified":"2021-11-22T15:12:14","modified_gmt":"2021-11-22T17:12:14","slug":"ans-avisa-seus-consumidores-de-planos-de-saude","status":"publish","type":"post","link":"https:\/\/www.simetriaplanosdesaude.com.br\/blog\/ans-avisa-seus-consumidores-de-planos-de-saude\/","title":{"rendered":"ANS avisa seus consumidores de planos de sa\u00fade"},"content":{"rendered":"<h1>Quando ser\u00e1 aplicado o reajuste na mensalidade do seu plano de sa\u00fade?<\/h1>\n<p>Se voc\u00ea est\u00e1 vendo os planos de sa\u00fade de v\u00e1rias pessoas diminu\u00edrem a mensalidade e o seu ainda n\u00e3o,\u00a0 n\u00e3o se assuste. Essa d\u00favida \u00e9 muito frequente e v\u00e1rios clientes ainda n\u00e3o entenderam como vai funcionar essa redu\u00e7\u00e3o.<\/p>\n<p>Neste sentido, a ANS esclarece que o reajuste dos planos de sa\u00fade acontece de uma forma um tanto diferente. Apesar de j\u00e1 estarmos acostumados com uma altera\u00e7\u00e3o imediata no valor das coisas, seja conta de luz, telefone, \u00e1gua, com os planos de sa\u00fade n\u00e3o \u00e9 bem assim.<\/p>\n<p>Veja bem, primeiro a operadora ir\u00e1 anunciar que haver\u00e1 altera\u00e7\u00e3o nos valores. Por\u00e9m, o reajuste s\u00f3 ser\u00e1 aplicado depois de um ano que voc\u00ea estiver contratado o plano de sa\u00fade. O per\u00edodo utilizado ser\u00e1 entre maio de 2021 e abril de 2022. Ent\u00e3o, n\u00e3o se preocupe se no seu boleto ainda n\u00e3o est\u00e1 o desconto relativo ao reajuste de -8,19%. Assim que seu contrato fizer anivers\u00e1rio, sua mensalidade ser\u00e1 menor.<\/p>\n<p>Para completar, se voc\u00ea ainda tem d\u00favidas sobre o reajuste, <strong>aqui vai uma explica\u00e7\u00e3o:<\/strong> digamos que voc\u00ea contratou o plano em mar\u00e7o deste ano, o seu reajuste s\u00f3 acontecer\u00e1 em mar\u00e7o de 2022. Ent\u00e3o, se voc\u00ea ainda estiver com d\u00favidas, entre em contato com a sua operadora de plano de sa\u00fade para que eles te auxiliem.<\/p>\n<h2>Ainda n\u00e3o tem plano de sa\u00fade?<\/h2>\n<p>Antes de mais nada, saiba que um plano de sa\u00fade te traz seguran\u00e7a e a certeza de que voc\u00ea ser\u00e1 sempre bem cuidado. Mas ent\u00e3o, porque \u00e9 que as pessoas n\u00e3o acham importante ter acesso \u00e0 esses cuidados? At\u00e9 mesmo porque, a sensa\u00e7\u00e3o de incerteza e medo \u00e9 muito ruim. E ela acontece quando voc\u00ea est\u00e1 desprotegido.<\/p>\n<p>Por isso, \u00e9 importante cuidar da sua sa\u00fade e se prevenir de doen\u00e7as, antes mesmo que elas apare\u00e7am.<\/p>\n<h2>Como fazer isso?<\/h2>\n<p>Atrav\u00e9s de uma r\u00e1pida consulta com um corretor especializado, <a href=\"https:\/\/www.simetriaplanosdesaude.com.br\/blog\/como-escolher-o-melhor-plano-de-saude\/\">voc\u00ea consegue escolher um bom plano de sa\u00fade<\/a> para voc\u00ea e toda a sua fam\u00edlia. Por\u00e9m, \u00e9 importante dizer que existem v\u00e1rios planos de sa\u00fade com pre\u00e7os diferentes tamb\u00e9m. Por isso, <strong>\u00e9 importante saber o que voc\u00ea precisa antes de contratar um plano.\u00a0<\/strong><a href=\"https:\/\/www.simetriaplanosdesaude.com.br\/\">Ent\u00e3o, entre em contato com um de nossos corretores e tire suas d\u00favidas<\/a>. Estamos dispon\u00edveis para te atender em todas as plataformas digitais.<\/p>\n<h3><a href=\"https:\/\/www.youtube.com\/watch?v=J9ZascTUj9A\">Veja como \u00e9 f\u00e1cil contratar um plano de sa\u00fade:\u00a0<\/a><\/h3>\n<p><iframe loading=\"lazy\" title=\"Cota\u00e7\u00e3o de Plano de Sa\u00fade pelo WhatsApp\" width=\"760\" height=\"428\" src=\"https:\/\/www.youtube.com\/embed\/J9ZascTUj9A?feature=oembed\" frameborder=\"0\" allow=\"accelerometer; autoplay; clipboard-write; encrypted-media; gyroscope; picture-in-picture\" allowfullscreen><\/iframe><\/p>\n","protected":false},"excerpt":{"rendered":"<p>Quando ser\u00e1 aplicado o reajuste na mensalidade do seu plano de sa\u00fade? Se voc\u00ea est\u00e1 vendo os planos de sa\u00fade de v\u00e1rias pessoas diminu\u00edrem a mensalidade e o seu ainda n\u00e3o,\u00a0 n\u00e3o se assuste. Essa d\u00favida \u00e9 muito frequente e v\u00e1rios clientes ainda n\u00e3o entenderam como vai funcionar essa redu\u00e7\u00e3o. Neste sentido, a ANS esclarece [&hellip;]<\/p>\n","protected":false},"author":1,"featured_media":2197,"comment_status":"closed","ping_status":"closed","sticky":false,"template":"","format":"standard","meta":{"footnotes":""},"categories":[18],"tags":[],"_links":{"self":[{"href":"https:\/\/www.simetriaplanosdesaude.com.br\/blog\/wp-json\/wp\/v2\/posts\/2191"}],"collection":[{"href":"https:\/\/www.simetriaplanosdesaude.com.br\/blog\/wp-json\/wp\/v2\/posts"}],"about":[{"href":"https:\/\/www.simetriaplanosdesaude.com.br\/blog\/wp-json\/wp\/v2\/types\/post"}],"author":[{"embeddable":true,"href":"https:\/\/www.simetriaplanosdesaude.com.br\/blog\/wp-json\/wp\/v2\/users\/1"}],"replies":[{"embeddable":true,"href":"https:\/\/www.simetriaplanosdesaude.com.br\/blog\/wp-json\/wp\/v2\/comments?post=2191"}],"version-history":[{"count":4,"href":"https:\/\/www.simetriaplanosdesaude.com.br\/blog\/wp-json\/wp\/v2\/posts\/2191\/revisions"}],"predecessor-version":[{"id":2201,"href":"https:\/\/www.simetriaplanosdesaude.com.br\/blog\/wp-json\/wp\/v2\/posts\/2191\/revisions\/2201"}],"wp:featuredmedia":[{"embeddable":true,"href":"https:\/\/www.simetriaplanosdesaude.com.br\/blog\/wp-json\/wp\/v2\/media\/2197"}],"wp:attachment":[{"href":"https:\/\/www.simetriaplanosdesaude.com.br\/blog\/wp-json\/wp\/v2\/media?parent=2191"}],"wp:term":[{"taxonomy":"category","embeddable":true,"href":"https:\/\/www.simetriaplanosdesaude.com.br\/blog\/wp-json\/wp\/v2\/categories?post=2191"},{"taxonomy":"post_tag","embeddable":true,"href":"https:\/\/www.simetriaplanosdesaude.com.br\/blog\/wp-json\/wp\/v2\/tags?post=2191"}],"curies":[{"name":"wp","href":"https:\/\/api.w.org\/{rel}","templated":true}]}}