{"id":2276,"date":"2022-06-09T17:08:37","date_gmt":"2022-06-09T20:08:37","guid":{"rendered":"https:\/\/www.simetriaplanosdesaude.com.br\/blog\/?p=2276"},"modified":"2022-06-09T17:09:10","modified_gmt":"2022-06-09T20:09:10","slug":"entenda-qual-a-importancia-da-vacinacao-nos-dias-atuais","status":"publish","type":"post","link":"https:\/\/www.simetriaplanosdesaude.com.br\/blog\/entenda-qual-a-importancia-da-vacinacao-nos-dias-atuais\/","title":{"rendered":"Entenda qual a import\u00e2ncia da vacina\u00e7\u00e3o nos dias atuais."},"content":{"rendered":"<h3>Hoje, dia 09\/06, se comemora o dia Nacional da Imuniza\u00e7\u00e3o. Infelizmente, no pa\u00eds tivemos uma queda na cobertura de vacina nos \u00faltimos anos.<\/h3>\n<p>Antes de mais nada, possuir um <a href=\"https:\/\/www.cnnbrasil.com.br\/saude\/carteira-de-vacinacao-saiba-por-que-e-importante-e-veja-como-tirar-2-via\/\">cart\u00e3o de vacina\u00e7\u00e3o<\/a> em dia, \u00e9 de extrema import\u00e2ncia no seu cuidado com a sa\u00fade. Uma vez que, por ele \u00e9 poss\u00edvel controlar quais faltam para completar a sua imuniza\u00e7\u00e3o, e assim, facilitando o controle pessoal e tamb\u00e9m do governo, que busca erradicar doen\u00e7as que j\u00e1 possuem vacina.<\/p>\n<p>Ao criar um plano de vacinas desde o nascimento at\u00e9 a fase da adolesc\u00eancia, conseguimos seguir extinguindo qualquer doen\u00e7a que no passado j\u00e1 causou enormes problemas para a popula\u00e7\u00e3o.<\/p>\n<p>Devemos tomar como exemplo a revolta da vacina em 1904, onde mesmo com in\u00fameras mortes e casos graves, as pessoas se recusavam a tomar a vacina que livraria muita gente do pior. Contudo, existe diferen\u00e7a da nossa sociedade atual e a sociedade de 1904: o acesso ao conhecimento.<\/p>\n<p>Entenda, a queda da imuniza\u00e7\u00e3o pode prejudicar todo um sistema, trazendo de volta in\u00fameras doen\u00e7as que j\u00e1 haviam sido praticamente extintas do nosso cotidiano, como a var\u00edola e a poliomielite. Desse modo, saiba que temos um novo inimigo al\u00e9m das doen\u00e7as que podem voltar em grande escala: Falsas informa\u00e7\u00f5es.<\/p>\n<p>Nossa atual sociedade, passa por um conturbado momento onde Fake News, not\u00edcias sem fontes verdadeiras, atrapalham o fluxo das campanhas vacinais. Como voc\u00ea deve se lembrar, muita gente come\u00e7ou a questionar o funcionamento e a verdadeira fun\u00e7\u00e3o da vacina que foi desenvolvida para amenizar os sintomas que o <a href=\"https:\/\/www.simetriaplanosdesaude.com.br\/blog\/coronavirus-os-planos-de-saude-cobrem-o-teste-da-doenca\/\">coronav\u00edrus<\/a> pode causar. Isso mesmo, AMENIZAR!<\/p>\n<p>As vacinas contra a covid-19 n\u00e3o prometem imuniza\u00e7\u00e3o falsa como se tem ouvido nessas fontes question\u00e1veis, a vacina promete prote\u00e7\u00e3o aos sintomas graves.<\/p>\n<p>Se informe, procure not\u00edcias! N\u00e3o deixe que qualquer pessoa influencie seu modo de ver o mundo. Aproveite esse dia t\u00e3o especial para conferir o seu cart\u00e3o de vacinas no site do ConecteSUS.<\/p>\n<p>Como foi mencionado no texto, as fontes s\u00e3o determinantes para a veracidade das not\u00edcias, por isso confira as nossas para produzir esse texto:<\/p>\n<p><a href=\"https:\/\/www.cnnbrasil.com.br\/saude\/carteira-de-vacinacao-saiba-por-que-e-importante-e-veja-como-tirar-2-via\/\">https:\/\/www.cnnbrasil.com.br\/saude\/carteira-de-vacinacao-saiba-por-que-e-importante-e-veja-como-tirar-2-via\/<\/a><\/p>\n<p><a href=\"https:\/\/g1.globo.com\/df\/distrito-federal\/noticia\/2022\/06\/09\/dia-nacional-da-imunizacao-com-queda-na-cobertura-vacinal-data-reforca-importancia-da-prevencao.ghtml\">https:\/\/g1.globo.com\/df\/distrito-federal\/noticia\/2022\/06\/09\/dia-nacional-da-imunizacao-com-queda-na-cobertura-vacinal-data-reforca-importancia-da-prevencao.ghtml<\/a><\/p>\n<p><a href=\"https:\/\/portal.fiocruz.br\/noticia\/revolta-da-vacina-2\">https:\/\/portal.fiocruz.br\/noticia\/revolta-da-vacina-2<\/a><\/p>\n<p>&nbsp;<\/p>\n","protected":false},"excerpt":{"rendered":"<p>Hoje, dia 09\/06, se comemora o dia Nacional da Imuniza\u00e7\u00e3o. Infelizmente, no pa\u00eds tivemos uma queda na cobertura de vacina nos \u00faltimos anos. Antes de mais nada, possuir um cart\u00e3o de vacina\u00e7\u00e3o em dia, \u00e9 de extrema import\u00e2ncia no seu cuidado com a sa\u00fade. Uma vez que, por ele \u00e9 poss\u00edvel controlar quais faltam para [&hellip;]<\/p>\n","protected":false},"author":1,"featured_media":2278,"comment_status":"closed","ping_status":"closed","sticky":false,"template":"","format":"standard","meta":{"footnotes":""},"categories":[18],"tags":[],"_links":{"self":[{"href":"https:\/\/www.simetriaplanosdesaude.com.br\/blog\/wp-json\/wp\/v2\/posts\/2276"}],"collection":[{"href":"https:\/\/www.simetriaplanosdesaude.com.br\/blog\/wp-json\/wp\/v2\/posts"}],"about":[{"href":"https:\/\/www.simetriaplanosdesaude.com.br\/blog\/wp-json\/wp\/v2\/types\/post"}],"author":[{"embeddable":true,"href":"https:\/\/www.simetriaplanosdesaude.com.br\/blog\/wp-json\/wp\/v2\/users\/1"}],"replies":[{"embeddable":true,"href":"https:\/\/www.simetriaplanosdesaude.com.br\/blog\/wp-json\/wp\/v2\/comments?post=2276"}],"version-history":[{"count":1,"href":"https:\/\/www.simetriaplanosdesaude.com.br\/blog\/wp-json\/wp\/v2\/posts\/2276\/revisions"}],"predecessor-version":[{"id":2279,"href":"https:\/\/www.simetriaplanosdesaude.com.br\/blog\/wp-json\/wp\/v2\/posts\/2276\/revisions\/2279"}],"wp:featuredmedia":[{"embeddable":true,"href":"https:\/\/www.simetriaplanosdesaude.com.br\/blog\/wp-json\/wp\/v2\/media\/2278"}],"wp:attachment":[{"href":"https:\/\/www.simetriaplanosdesaude.com.br\/blog\/wp-json\/wp\/v2\/media?parent=2276"}],"wp:term":[{"taxonomy":"category","embeddable":true,"href":"https:\/\/www.simetriaplanosdesaude.com.br\/blog\/wp-json\/wp\/v2\/categories?post=2276"},{"taxonomy":"post_tag","embeddable":true,"href":"https:\/\/www.simetriaplanosdesaude.com.br\/blog\/wp-json\/wp\/v2\/tags?post=2276"}],"curies":[{"name":"wp","href":"https:\/\/api.w.org\/{rel}","templated":true}]}}