{"id":2289,"date":"2022-06-17T18:12:32","date_gmt":"2022-06-17T21:12:32","guid":{"rendered":"https:\/\/www.simetriaplanosdesaude.com.br\/blog\/?p=2289"},"modified":"2022-06-17T18:50:22","modified_gmt":"2022-06-17T21:50:22","slug":"os-tabus-que-cercam-o-cuidado-com-a-saude-mental","status":"publish","type":"post","link":"https:\/\/www.simetriaplanosdesaude.com.br\/blog\/os-tabus-que-cercam-o-cuidado-com-a-saude-mental\/","title":{"rendered":"Os tabus que cercam a sa\u00fade mental!"},"content":{"rendered":"<h1>Ainda nos dias atuais a sa\u00fade mental \u00e9 rodeada por tabus e preconceitos.<\/h1>\n<p>Ainda nos dias atuais alguns assuntos como a sa\u00fade mental, s\u00e3o rodeadas por tabus e preconceitos. Dessa forma, muitas pessoas ainda se sentem desconfort\u00e1veis ao procurar ajuda e informa\u00e7\u00f5es para se cuidar da sa\u00fade mental da maneira correta.<\/p>\n<p>Muita gente n\u00e3o sabe, mas as sobrecargas do dia a dia geram disfun\u00e7\u00f5es por todo o nosso corpo, logo o cuidado com a mente se torna t\u00e3o importante quanto a realiza\u00e7\u00e3o de um <a href=\"https:\/\/www.simetriaplanosdesaude.com.br\/blog\/tipos-de-coberturas-nos-planos-de-saude\/\">Check-Up<\/a> para prevenir enfermidades.<\/p>\n<p>Infelizmente, o discurso de que \u201ceu n\u00e3o preciso de terapia\u201d ou \u201cisso \u00e9 frescura\u201d ainda rodeia grande parte das pessoas, mas est\u00e1 completamente errado.<\/p>\n<p>O avan\u00e7o da medicina psicoter\u00e1pica mostra a necessidade do tratamento por reduzir o sofrimento e estresse. Al\u00e9m de proporcionar autoconhecimento, auxiliando a ter uma rela\u00e7\u00e3o mais saud\u00e1vel consigo mesmo e com outras pessoas ao seu redor.<\/p>\n<p>A sa\u00fade mental \u00e9 respons\u00e1vel pelos resultados daquilo que uma pessoa vive, com o desenvolvimento acelerado da sociedade, observa-se um aumento de doen\u00e7as como ansiedade, depress\u00e3o, dist\u00farbios alimentares, Burnout\u00a0entre outros.<\/p>\n<p>Dessa maneira, cuidar da sua sa\u00fade mental precisa ter a mesma import\u00e2ncia que o cuidado com a sa\u00fade do corpo. Caso contr\u00e1rio, uma hora sua mente come\u00e7a a causar sintomas em todo o organismo e o tratamento \u00e9 ainda pior.<\/p>\n<h3><strong>Entenda o que sua sa\u00fade mental pode causar<\/strong><\/h3>\n<p>Normalmente, n\u00e3o paramos para pensar o quanto nosso organismo \u00e9 interligado, se uma coisa est\u00e1 fora da normalidade o restante tamb\u00e9m ser\u00e1 afetado.<\/p>\n<p>Pensando nisso, se voc\u00ea n\u00e3o estiver bem mentalmente, pode sofrer com gastrite, problemas cardiol\u00f3gicos, queda e fraqueza dos fios de cabelo, ins\u00f4nia entre v\u00e1rias outras coisas.<\/p>\n<p>Portanto, n\u00e3o esconda a necessidade de <a href=\"https:\/\/hospitalsantamonica.com.br\/5-razoes-que-provam-por-que-todo-mundo-deveria-fazer-terapia\/\">procurar ajuda<\/a>. O autocuidado e a preven\u00e7\u00e3o \u00e9 a melhor escolha para seu bem-estar.<\/p>\n<h3><strong>Existe um tratamento?<\/strong><\/h3>\n<p>Bom, ao decorrer dos anos muitas formas de tratar a sa\u00fade mental foram sendo aprimoradas, evitar o estresse do dia a dia, manter uma boa alimenta\u00e7\u00e3o. Enfim, tudo que remeta ao equil\u00edbrio \u00e9 bem-vindo.<\/p>\n<p>Por\u00e9m, al\u00e9m desses pequenos detalhes da rotina \u00e9 recomendado que todos fa\u00e7am terapia, consultas com psic\u00f3logos s\u00e3o essenciais para que o seu bem-estar seja realmente tratado da melhor forma.<\/p>\n","protected":false},"excerpt":{"rendered":"<p>Ainda nos dias atuais a sa\u00fade mental \u00e9 rodeada por tabus e preconceitos. Ainda nos dias atuais alguns assuntos como a sa\u00fade mental, s\u00e3o rodeadas por tabus e preconceitos. Dessa forma, muitas pessoas ainda se sentem desconfort\u00e1veis ao procurar ajuda e informa\u00e7\u00f5es para se cuidar da sa\u00fade mental da maneira correta. Muita gente n\u00e3o sabe, [&hellip;]<\/p>\n","protected":false},"author":1,"featured_media":2290,"comment_status":"closed","ping_status":"closed","sticky":false,"template":"","format":"standard","meta":{"footnotes":""},"categories":[21],"tags":[],"_links":{"self":[{"href":"https:\/\/www.simetriaplanosdesaude.com.br\/blog\/wp-json\/wp\/v2\/posts\/2289"}],"collection":[{"href":"https:\/\/www.simetriaplanosdesaude.com.br\/blog\/wp-json\/wp\/v2\/posts"}],"about":[{"href":"https:\/\/www.simetriaplanosdesaude.com.br\/blog\/wp-json\/wp\/v2\/types\/post"}],"author":[{"embeddable":true,"href":"https:\/\/www.simetriaplanosdesaude.com.br\/blog\/wp-json\/wp\/v2\/users\/1"}],"replies":[{"embeddable":true,"href":"https:\/\/www.simetriaplanosdesaude.com.br\/blog\/wp-json\/wp\/v2\/comments?post=2289"}],"version-history":[{"count":4,"href":"https:\/\/www.simetriaplanosdesaude.com.br\/blog\/wp-json\/wp\/v2\/posts\/2289\/revisions"}],"predecessor-version":[{"id":2294,"href":"https:\/\/www.simetriaplanosdesaude.com.br\/blog\/wp-json\/wp\/v2\/posts\/2289\/revisions\/2294"}],"wp:featuredmedia":[{"embeddable":true,"href":"https:\/\/www.simetriaplanosdesaude.com.br\/blog\/wp-json\/wp\/v2\/media\/2290"}],"wp:attachment":[{"href":"https:\/\/www.simetriaplanosdesaude.com.br\/blog\/wp-json\/wp\/v2\/media?parent=2289"}],"wp:term":[{"taxonomy":"category","embeddable":true,"href":"https:\/\/www.simetriaplanosdesaude.com.br\/blog\/wp-json\/wp\/v2\/categories?post=2289"},{"taxonomy":"post_tag","embeddable":true,"href":"https:\/\/www.simetriaplanosdesaude.com.br\/blog\/wp-json\/wp\/v2\/tags?post=2289"}],"curies":[{"name":"wp","href":"https:\/\/api.w.org\/{rel}","templated":true}]}}