{"id":2332,"date":"2022-07-12T18:31:21","date_gmt":"2022-07-12T21:31:21","guid":{"rendered":"https:\/\/www.simetriaplanosdesaude.com.br\/blog\/?p=2332"},"modified":"2022-07-12T18:31:21","modified_gmt":"2022-07-12T21:31:21","slug":"ans-abre-consulta-publica-sobre-cobertura-obrigatoria-dos-planos-de-saude","status":"publish","type":"post","link":"https:\/\/www.simetriaplanosdesaude.com.br\/blog\/ans-abre-consulta-publica-sobre-cobertura-obrigatoria-dos-planos-de-saude\/","title":{"rendered":"ANS abre consulta p\u00fablica sobre cobertura obrigat\u00f3ria dos planos de sa\u00fade"},"content":{"rendered":"<p>A Ag\u00eancia Nacional de Sa\u00fade Suplementar (<a href=\"https:\/\/www.simetriaplanosdesaude.com.br\/blog\/ans-avisa-seus-consumidores-de-planos-de-saude\/\">ANS<\/a>) iniciou uma consulta p\u00fablica at\u00e9 o dia 24\/07 para debater sobre a cobertura obrigat\u00f3ria dos planos de sa\u00fade.<\/p>\n<p>Poder\u00e3o ser encaminhadas cr\u00edticas e sugest\u00f5es que envolvem a proposta de atualiza\u00e7\u00e3o do Rol de Procedimentos e Eventos em Sa\u00fade, que estabelece a cobertura assistencial obrigat\u00f3ria a ser garantida nos planos privados.<\/p>\n<p>No in\u00edcio de junho, o Superior Tribunal de Justi\u00e7a (STJ) definiu que a lista deve conter tudo o que os planos s\u00e3o obrigados a pagar, caso n\u00e3o esteja no rol, as operadoras n\u00e3o s\u00e3o obrigadas a realizar a cobertura.<\/p>\n<p>Ap\u00f3s a decis\u00e3o, os planos apenas cobriram outros tratamentos que n\u00e3o est\u00e3o no rol, mas que tenham sido prescritos pelo m\u00e9dico com justificativa e n\u00e3o sejam experimentais. A consulta p\u00fablica \u00e9 uma etapa a ser cumprida antes de as medidas entrarem em vigor para serem avaliadas as necessidades da popula\u00e7\u00e3o.<\/p>\n<p>As sugest\u00f5es poder\u00e3o ser encaminhadas, por meio do endere\u00e7o eletr\u00f4nico <a href=\"https:\/\/www.gov.br\/ans\/pt-br\/acesso-a-informacao\/participacao-da-sociedade\/consultas-publicas\">https:\/\/www.gov.br\/ans\/pt-br\/acesso-a-informacao\/participacao-da-sociedade\/consultas-publicas<\/a>.<\/p>\n<p>A proposta de Resolu\u00e7\u00e3o Normativa e todos os documentos est\u00e3o dispon\u00edveis na \u00edntegra durante o per\u00edodo de consulta na <a href=\"https:\/\/www.gov.br\/ans\/pt-br\/\">p\u00e1gina da ANS<\/a>. Para participar acesse em:<\/p>\n<p><a href=\"https:\/\/www.gov.br\/ans\/pt-br\/acesso-a-informacao\">Acesso \u00e0 informa\u00e7\u00e3o<\/a> no item &#8220;Participa\u00e7\u00e3o Social&#8221;:<\/p>\n<p>&nbsp;<\/p>\n<p><img loading=\"lazy\" decoding=\"async\" class=\"alignnone wp-image-2333 size-full\" src=\"https:\/\/www.simetriaplanosdesaude.com.br\/blog\/wp-content\/uploads\/2022\/07\/blog-e1657655217532.png\" alt=\"\" width=\"1270\" height=\"607\" srcset=\"https:\/\/www.simetriaplanosdesaude.com.br\/blog\/wp-content\/uploads\/2022\/07\/blog-e1657655217532.png 1270w, https:\/\/www.simetriaplanosdesaude.com.br\/blog\/wp-content\/uploads\/2022\/07\/blog-e1657655217532-300x143.png 300w, https:\/\/www.simetriaplanosdesaude.com.br\/blog\/wp-content\/uploads\/2022\/07\/blog-e1657655217532-1024x489.png 1024w, https:\/\/www.simetriaplanosdesaude.com.br\/blog\/wp-content\/uploads\/2022\/07\/blog-e1657655217532-768x367.png 768w\" sizes=\"(max-width: 1270px) 100vw, 1270px\" \/><\/p>\n<p>Subitem &#8220;Consultas P\u00fablicas&#8221;:<\/p>\n<p><img loading=\"lazy\" decoding=\"async\" class=\"alignnone wp-image-2334 size-full\" src=\"https:\/\/www.simetriaplanosdesaude.com.br\/blog\/wp-content\/uploads\/2022\/07\/blog2-e1657655422400.png\" alt=\"\" width=\"1062\" height=\"553\" srcset=\"https:\/\/www.simetriaplanosdesaude.com.br\/blog\/wp-content\/uploads\/2022\/07\/blog2-e1657655422400.png 1062w, https:\/\/www.simetriaplanosdesaude.com.br\/blog\/wp-content\/uploads\/2022\/07\/blog2-e1657655422400-300x156.png 300w, https:\/\/www.simetriaplanosdesaude.com.br\/blog\/wp-content\/uploads\/2022\/07\/blog2-e1657655422400-1024x533.png 1024w, https:\/\/www.simetriaplanosdesaude.com.br\/blog\/wp-content\/uploads\/2022\/07\/blog2-e1657655422400-768x400.png 768w\" sizes=\"(max-width: 1062px) 100vw, 1062px\" \/><\/p>\n<p>&nbsp;<\/p>\n<p>Clique no item n\u00ba 98 em participar:<br \/>\n<img loading=\"lazy\" decoding=\"async\" class=\"alignnone wp-image-2335 size-full\" src=\"https:\/\/www.simetriaplanosdesaude.com.br\/blog\/wp-content\/uploads\/2022\/07\/blog3-e1657655794922.png\" alt=\"\" width=\"983\" height=\"624\" srcset=\"https:\/\/www.simetriaplanosdesaude.com.br\/blog\/wp-content\/uploads\/2022\/07\/blog3-e1657655794922.png 983w, https:\/\/www.simetriaplanosdesaude.com.br\/blog\/wp-content\/uploads\/2022\/07\/blog3-e1657655794922-300x190.png 300w, https:\/\/www.simetriaplanosdesaude.com.br\/blog\/wp-content\/uploads\/2022\/07\/blog3-e1657655794922-768x488.png 768w\" sizes=\"(max-width: 983px) 100vw, 983px\" \/><\/p>\n<p><strong>Fonte:\u00a0 <\/strong><a href=\"https:\/\/g1.globo.com\/economia\/noticia\/2022\/07\/05\/ans-abre-consulta-publica-para-discutir-cobertura-obrigatoria-dos-planos-de-saude.ghtml\">https:\/\/g1.globo.com\/economia\/noticia\/2022\/07\/05\/ans-abre-consulta-publica-para-discutir-cobertura-obrigatoria-dos-planos-de-saude.ghtml<\/a><\/p>\n","protected":false},"excerpt":{"rendered":"<p>A Ag\u00eancia Nacional de Sa\u00fade Suplementar (ANS) iniciou uma consulta p\u00fablica at\u00e9 o dia 24\/07 para debater sobre a cobertura obrigat\u00f3ria dos planos de sa\u00fade. Poder\u00e3o ser encaminhadas cr\u00edticas e sugest\u00f5es que envolvem a proposta de atualiza\u00e7\u00e3o do Rol de Procedimentos e Eventos em Sa\u00fade, que estabelece a cobertura assistencial obrigat\u00f3ria a ser garantida nos [&hellip;]<\/p>\n","protected":false},"author":1,"featured_media":2336,"comment_status":"closed","ping_status":"closed","sticky":false,"template":"","format":"standard","meta":{"footnotes":""},"categories":[18],"tags":[],"_links":{"self":[{"href":"https:\/\/www.simetriaplanosdesaude.com.br\/blog\/wp-json\/wp\/v2\/posts\/2332"}],"collection":[{"href":"https:\/\/www.simetriaplanosdesaude.com.br\/blog\/wp-json\/wp\/v2\/posts"}],"about":[{"href":"https:\/\/www.simetriaplanosdesaude.com.br\/blog\/wp-json\/wp\/v2\/types\/post"}],"author":[{"embeddable":true,"href":"https:\/\/www.simetriaplanosdesaude.com.br\/blog\/wp-json\/wp\/v2\/users\/1"}],"replies":[{"embeddable":true,"href":"https:\/\/www.simetriaplanosdesaude.com.br\/blog\/wp-json\/wp\/v2\/comments?post=2332"}],"version-history":[{"count":1,"href":"https:\/\/www.simetriaplanosdesaude.com.br\/blog\/wp-json\/wp\/v2\/posts\/2332\/revisions"}],"predecessor-version":[{"id":2337,"href":"https:\/\/www.simetriaplanosdesaude.com.br\/blog\/wp-json\/wp\/v2\/posts\/2332\/revisions\/2337"}],"wp:featuredmedia":[{"embeddable":true,"href":"https:\/\/www.simetriaplanosdesaude.com.br\/blog\/wp-json\/wp\/v2\/media\/2336"}],"wp:attachment":[{"href":"https:\/\/www.simetriaplanosdesaude.com.br\/blog\/wp-json\/wp\/v2\/media?parent=2332"}],"wp:term":[{"taxonomy":"category","embeddable":true,"href":"https:\/\/www.simetriaplanosdesaude.com.br\/blog\/wp-json\/wp\/v2\/categories?post=2332"},{"taxonomy":"post_tag","embeddable":true,"href":"https:\/\/www.simetriaplanosdesaude.com.br\/blog\/wp-json\/wp\/v2\/tags?post=2332"}],"curies":[{"name":"wp","href":"https:\/\/api.w.org\/{rel}","templated":true}]}}