{"id":2338,"date":"2022-07-13T21:05:16","date_gmt":"2022-07-14T00:05:16","guid":{"rendered":"https:\/\/www.simetriaplanosdesaude.com.br\/blog\/?p=2338"},"modified":"2022-07-14T13:08:34","modified_gmt":"2022-07-14T16:08:34","slug":"ans-decide-nova-cobertura-para-algumas-categorias","status":"publish","type":"post","link":"https:\/\/www.simetriaplanosdesaude.com.br\/blog\/ans-decide-nova-cobertura-para-algumas-categorias\/","title":{"rendered":"ANS decide nova cobertura para algumas categorias!"},"content":{"rendered":"<p>ANS traz not\u00edcias envolvendo a cobertura dos planos e alivia a tens\u00e3o que circulava o <a href=\"https:\/\/www.simetriaplanosdesaude.com.br\/blog\/ans-abre-consulta-publica-sobre-cobertura-obrigatoria-dos-planos-de-saude\/\">rol taxativo<\/a> para muitas pessoas.<\/p>\n<p>&nbsp;<\/p>\n<h3>Como fica a cobertura da ANS<\/h3>\n<p>A partir do dia 1\u00ba de agosto, vai passar a valer a decis\u00e3o sobre cobertura ilimitada para 4 categorias dos usu\u00e1rios de plano de sa\u00fade, mas o que isso quer dizer? Bom, na pr\u00e1tica \u00e9 mais simples do que parece. Vamos te explicar!<\/p>\n<p>Antes de mais nada, na manh\u00e3 do dia 11\/07 houve uma reuni\u00e3o onde a Diretoria Colegiada da <a href=\"https:\/\/www.gov.br\/ans\/pt-br\/assuntos\/noticias-1\/periodo-eleitoral\/ans-acaba-com-limites-de-cobertura-de-quatro-categorias-profissionais\">ANS<\/a>. Tratando o fim da limita\u00e7\u00e3o do n\u00famero de consultas e sess\u00f5es com psic\u00f3logos, fonoaudi\u00f3logos, terapeutas ocupacionais e fisioterapeutas.<\/p>\n<p>Dessa forma, a decis\u00e3o foi voltada para o objetivo de promover a igualdade de direitos aos usu\u00e1rios da sa\u00fade suplementar. Assim, podendo padronizar o formato dos procedimentos atualmente assegurados, relativos a essas categorias profissionais.<\/p>\n<h3>O Rol taxativo passa a ter um peso menor<\/h3>\n<p>Com isso, muitas quest\u00f5es que rodeavam o Rol Taxativo, principalmente para tratamentos do Autismo e da S\u00edndrome de Down.<\/p>\n<p>Com essa nova decis\u00e3o, quem\u00a0 possu\u00eda d\u00favidas sobre a cobertura dos tratamentos pode ficar mais tranquilo, pois estar\u00e1 constando na lista de cobertura obrigat\u00f3ria da ANS as categorias citadas acima.<\/p>\n<p>Entre em contato com um de nossos corretores para entender melhor!<\/p>\n","protected":false},"excerpt":{"rendered":"<p>ANS traz not\u00edcias envolvendo a cobertura dos planos e alivia a tens\u00e3o que circulava o rol taxativo para muitas pessoas. &nbsp; Como fica a cobertura da ANS A partir do dia 1\u00ba de agosto, vai passar a valer a decis\u00e3o sobre cobertura ilimitada para 4 categorias dos usu\u00e1rios de plano de sa\u00fade, mas o que [&hellip;]<\/p>\n","protected":false},"author":1,"featured_media":2342,"comment_status":"closed","ping_status":"closed","sticky":false,"template":"","format":"standard","meta":{"footnotes":""},"categories":[18],"tags":[],"_links":{"self":[{"href":"https:\/\/www.simetriaplanosdesaude.com.br\/blog\/wp-json\/wp\/v2\/posts\/2338"}],"collection":[{"href":"https:\/\/www.simetriaplanosdesaude.com.br\/blog\/wp-json\/wp\/v2\/posts"}],"about":[{"href":"https:\/\/www.simetriaplanosdesaude.com.br\/blog\/wp-json\/wp\/v2\/types\/post"}],"author":[{"embeddable":true,"href":"https:\/\/www.simetriaplanosdesaude.com.br\/blog\/wp-json\/wp\/v2\/users\/1"}],"replies":[{"embeddable":true,"href":"https:\/\/www.simetriaplanosdesaude.com.br\/blog\/wp-json\/wp\/v2\/comments?post=2338"}],"version-history":[{"count":1,"href":"https:\/\/www.simetriaplanosdesaude.com.br\/blog\/wp-json\/wp\/v2\/posts\/2338\/revisions"}],"predecessor-version":[{"id":2341,"href":"https:\/\/www.simetriaplanosdesaude.com.br\/blog\/wp-json\/wp\/v2\/posts\/2338\/revisions\/2341"}],"wp:featuredmedia":[{"embeddable":true,"href":"https:\/\/www.simetriaplanosdesaude.com.br\/blog\/wp-json\/wp\/v2\/media\/2342"}],"wp:attachment":[{"href":"https:\/\/www.simetriaplanosdesaude.com.br\/blog\/wp-json\/wp\/v2\/media?parent=2338"}],"wp:term":[{"taxonomy":"category","embeddable":true,"href":"https:\/\/www.simetriaplanosdesaude.com.br\/blog\/wp-json\/wp\/v2\/categories?post=2338"},{"taxonomy":"post_tag","embeddable":true,"href":"https:\/\/www.simetriaplanosdesaude.com.br\/blog\/wp-json\/wp\/v2\/tags?post=2338"}],"curies":[{"name":"wp","href":"https:\/\/api.w.org\/{rel}","templated":true}]}}