{"id":234,"date":"2019-04-16T12:33:57","date_gmt":"2019-04-16T15:33:57","guid":{"rendered":"http:\/\/blog.simetriaplanosdesaude.com.br\/?p=234"},"modified":"2020-05-25T15:04:15","modified_gmt":"2020-05-25T18:04:15","slug":"plano-odontologico","status":"publish","type":"post","link":"https:\/\/www.simetriaplanosdesaude.com.br\/blog\/plano-odontologico\/","title":{"rendered":"Plano odontol\u00f3gico: descubra qual \u00e9 o melhor e confira valores"},"content":{"rendered":"<p>Em um mercado de trabalho altamente competitivo, a <strong>empresa que consegue reter e motivar os seus talentos sai na frente da concorr\u00eancia e obt\u00e9m melhores resultados<\/strong>.<\/p>\n<p>Uma forma de alcan\u00e7ar esse objetivo \u00e9 investir na oferta de benef\u00edcios aos funcion\u00e1rios como, por exemplo, um <strong>bom <a href=\"https:\/\/simetriaplanosdesaude.com.br\/plano-odontologico\" target=\"_blank\" rel=\"noopener noreferrer\">plano odontol\u00f3gico<\/a><\/strong>.<\/p>\n<p>Sabemos que a sa\u00fade bucal vai muito al\u00e9m de ter um sorriso bonito, o que j\u00e1 \u00e9 importante para a autoestima de qualquer pessoa. Ter dentes bem cuidados \u00e9 sin\u00f4nimo de sa\u00fade para o organismo com um todo.<\/p>\n<p>Os problemas relacionados \u00e0 sa\u00fade bucal\u00a0podem provocar atrasos, faltas, afastamentos e at\u00e9 queda na produtividade dos colaboradores.<\/p>\n<h2><strong>O que \u00e9 um plano odontol\u00f3gico?<\/strong><\/h2>\n<p><img loading=\"lazy\" decoding=\"async\" class=\"aligncenter\" src=\"http:\/\/blog.simetriaplanosdesaude.com.br\/wp-content\/uploads\/2019\/04\/assistencia-odontologica-630x300.jpg\" alt=\"\" width=\"630\" height=\"300\" \/><span style=\"font-weight: 400;\">\u00c9 muito comum ouvirmos falar sobre Planos de Sa\u00fade e suas diversas modalidade, mas ser\u00e1 que isso tamb\u00e9m acontece com os Planos Odontol\u00f3gicos. A sa\u00fade bucal \u00e9 t\u00e3o importante quanto a sa\u00fade e o bem-estar de nosso corpo.<\/span><\/p>\n<p><span style=\"font-weight: 400;\">Por esse motivo decidimos fazer um guia sobre Planos Odontol\u00f3gicos e tirar todas as poss\u00edveis d\u00favidas que voc\u00ea tenha. E caso fique faltando alguma coisa que voc\u00ea gostaria de saber, deixe em nossos coment\u00e1rios, vamos ficar felizes em esclarecer.<\/span><\/p>\n<p><span style=\"font-weight: 400;\">Segundo a ANS um Plano odontol\u00f3gico \u00e9<\/span><\/p>\n<blockquote><p><span style=\"font-weight: 400;\">um plano privado de assist\u00eancia \u00e0 sa\u00fade que compreende todos os procedimentos listados no Rol de Procedimentos e Eventos em Sa\u00fade para a segmenta\u00e7\u00e3o odontol\u00f3gica. Est\u00e3o inclusos no plano, exame cl\u00ednico, radiologia, preven\u00e7\u00e3o, dent\u00edstica, endodontia, periodontia e cirurgia.<\/span><\/p><\/blockquote>\n<p><span style=\"font-weight: 400;\">Sobre as vantagens de ter um Plano Odontol\u00f3gico, podemos relembrar que a sa\u00fade bucal \u00e9 muito valiosa e tendo suas idas ao dentista sempre em dia voc\u00ea fica livre de desconfortos, como:\u00a0<\/span><\/p>\n<ul>\n<li style=\"font-weight: 400;\"><span style=\"font-weight: 400;\">c\u00e1ries;\u00a0<\/span><\/li>\n<li style=\"font-weight: 400;\"><span style=\"font-weight: 400;\">mau h\u00e1lito;\u00a0<\/span><\/li>\n<li style=\"font-weight: 400;\"><span style=\"font-weight: 400;\">gengivite;\u00a0<\/span><\/li>\n<li style=\"font-weight: 400;\"><span style=\"font-weight: 400;\">aftas;\u00a0<\/span><\/li>\n<li style=\"font-weight: 400;\"><span style=\"font-weight: 400;\">periodontite;\u00a0<\/span><\/li>\n<li style=\"font-weight: 400;\"><span style=\"font-weight: 400;\">dentre outras doen\u00e7as mais graves.<\/span><\/li>\n<\/ul>\n<p><span style=\"font-weight: 400;\">Com o pagamento de parcelas mensais ao seu Plano Odontol\u00f3gico voc\u00ea pode se sentir mais estimulado a ir mais vezes ao dentista. <\/span><\/p>\n<p><span style=\"font-weight: 400;\">Essa nova rotina garante maior preven\u00e7\u00e3o e tratamentos corriqueiros que ajudem a manter seus dentes e boca saud\u00e1veis, sem a necessidade de tratamentos caros e dolorosos no futuro.<\/span><\/p>\n<h2><strong>Por que um plano odontol\u00f3gico \u00e9 importante?<\/strong><\/h2>\n<p><img loading=\"lazy\" decoding=\"async\" class=\"aligncenter wp-image-638 size-full\" src=\"https:\/\/www.simetriaplanosdesaude.com.br\/blog\/wp-content\/uploads\/2019\/09\/plano-odontologico-amil.jpg\" alt=\"\" width=\"700\" height=\"466\" srcset=\"https:\/\/www.simetriaplanosdesaude.com.br\/blog\/wp-content\/uploads\/2019\/09\/plano-odontologico-amil.jpg 700w, https:\/\/www.simetriaplanosdesaude.com.br\/blog\/wp-content\/uploads\/2019\/09\/plano-odontologico-amil-300x200.jpg 300w, https:\/\/www.simetriaplanosdesaude.com.br\/blog\/wp-content\/uploads\/2019\/09\/plano-odontologico-amil-660x440.jpg 660w, https:\/\/www.simetriaplanosdesaude.com.br\/blog\/wp-content\/uploads\/2019\/09\/plano-odontologico-amil-389x260.jpg 389w, https:\/\/www.simetriaplanosdesaude.com.br\/blog\/wp-content\/uploads\/2019\/09\/plano-odontologico-amil-246x164.jpg 246w, https:\/\/www.simetriaplanosdesaude.com.br\/blog\/wp-content\/uploads\/2019\/09\/plano-odontologico-amil-120x80.jpg 120w\" sizes=\"(max-width: 700px) 100vw, 700px\" \/><\/p>\n<p>Oferecer a<strong> assist\u00eancia odontol\u00f3gica \u2013 e incentivar o uso do benef\u00edcio \u2013 \u00e9 um diferencial que chamar\u00e1 a aten\u00e7\u00e3o dos talentos interessados em fazer parte da sua equipe<\/strong>, al\u00e9m de ajudar a mant\u00ea-los mais satisfeitos e motivados.<\/p>\n<p>Pacientes com problemas cr\u00f4nicos como gengivite ou doen\u00e7a periodontal avan\u00e7ada t\u00eam maior risco de desenvolver doen\u00e7a card\u00edaca causada por sa\u00fade bucal prec\u00e1ria, principalmente se ela n\u00e3o for diagnosticada e n\u00e3o for tratada?<\/p>\n<p>As bact\u00e9rias associadas com a periodontite est\u00e3o na boca e podem entrar na corrente sangu\u00ednea onde se fixam aos vasos sangu\u00edneos e aumentam o risco de doen\u00e7a cardiovascular.<\/p>\n<p>Mesmo que voc\u00ea n\u00e3o tenha inflama\u00e7\u00e3o aparente na gengiva, a higiene bucal inadequada e a placa acumulada podem resultar em doen\u00e7a periodontal.<\/p>\n<p>A bact\u00e9ria tamb\u00e9m pode migrar para a corrente sangu\u00ednea aumentando o n\u00edvel de prote\u00edna C reativa, que \u00e9 indicadora de inflama\u00e7\u00e3o dos vasos sangu\u00edneos. Isto pode aumentar o risco de doen\u00e7a card\u00edaca e AVC.<\/p>\n<h2><b>Como funciona a cobertura de um Plano odontol\u00f3gico?<\/b><\/h2>\n<p><span style=\"font-weight: 400;\">Os <a href=\"https:\/\/www.simetriaplanosdesaude.com.br\/blog\/convenio-odontologico\/\">conv\u00eanios odontol\u00f3gicos<\/a> cobrem diversos procedimentos, sejam eles de baixa, m\u00e9dia ou alta complexidade, separamos uma lista de tratamentos que, normalmente s\u00e3o cobertos pela maioria dos planos. conv\u00eanio<\/span><\/p>\n<h3><strong>Procedimentos de baixa complexidade<\/strong><\/h3>\n<ul>\n<li style=\"font-weight: 400;\"><span style=\"font-weight: 400;\">Consulta e avalia\u00e7\u00e3o dos dentes e da sa\u00fade bucal;<\/span><\/li>\n<li style=\"font-weight: 400;\"><span style=\"font-weight: 400;\">Tratamentos de c\u00e1ries e restaura\u00e7\u00f5es;<\/span><\/li>\n<li style=\"font-weight: 400;\"><span style=\"font-weight: 400;\">Aplica\u00e7\u00e3o de fl\u00faor;<\/span><\/li>\n<li style=\"font-weight: 400;\"><span style=\"font-weight: 400;\">Remo\u00e7\u00e3o de t\u00e1rtaro;<\/span><\/li>\n<li style=\"font-weight: 400;\"><span style=\"font-weight: 400;\">Polimento coron\u00e1rio.<\/span><\/li>\n<\/ul>\n<h3>Procedimento de m\u00e9dia complexidade<\/h3>\n<ul>\n<li style=\"font-weight: 400;\"><span style=\"font-weight: 400;\">Curativos e suturas;<\/span><\/li>\n<li style=\"font-weight: 400;\"><span style=\"font-weight: 400;\">Colagem de fragmentos;<\/span><\/li>\n<li style=\"font-weight: 400;\"><span style=\"font-weight: 400;\">Tratamento e at\u00e9 cirurgia de gengiva.<\/span><\/li>\n<\/ul>\n<h3><strong>Procedimentos de alta complexidade<\/strong><\/h3>\n<ul>\n<li style=\"font-weight: 400;\"><span style=\"font-weight: 400;\">Tratamento de canal (endodontia);<\/span><\/li>\n<li style=\"font-weight: 400;\"><span style=\"font-weight: 400;\">Extra\u00e7\u00e3o de dentes (exodontia);<\/span><\/li>\n<li style=\"font-weight: 400;\"><span style=\"font-weight: 400;\">Cirurgias de pequeno porte;<\/span><\/li>\n<li style=\"font-weight: 400;\"><span style=\"font-weight: 400;\">Bi\u00f3psias para exames;<\/span><\/li>\n<li style=\"font-weight: 400;\"><span style=\"font-weight: 400;\">Radiografias;<\/span><\/li>\n<li style=\"font-weight: 400;\"><span style=\"font-weight: 400;\">Exames laboratoriais.<\/span><\/li>\n<\/ul>\n<p><span style=\"font-weight: 400;\">Al\u00e9m destes, \u00e9 importante que no ato da contrata\u00e7\u00e3o voc\u00ea verifique se seu plano ainda cobrir\u00e1 o atendimento emergencial de pronto socorro, se poss\u00edvel 24h, essa uma vari\u00e1vel dentre as coberturas tamb\u00e9m, ent\u00e3o \u00e9 bom ficar atento sempre na hora da contrata\u00e7\u00e3o.<\/span><\/p>\n<h2><b>Qual tipo de Plano Odontol\u00f3gico cobre a implanta\u00e7\u00e3o de aparelho?<\/b><\/h2>\n<p><img loading=\"lazy\" decoding=\"async\" class=\"aligncenter size-full wp-image-661\" src=\"https:\/\/www.simetriaplanosdesaude.com.br\/blog\/wp-content\/uploads\/2019\/04\/plano-odontologico.jpg\" alt=\"\" width=\"700\" height=\"351\" srcset=\"https:\/\/www.simetriaplanosdesaude.com.br\/blog\/wp-content\/uploads\/2019\/04\/plano-odontologico.jpg 700w, https:\/\/www.simetriaplanosdesaude.com.br\/blog\/wp-content\/uploads\/2019\/04\/plano-odontologico-300x150.jpg 300w\" sizes=\"(max-width: 700px) 100vw, 700px\" \/><\/p>\n<p><span style=\"font-weight: 400;\">Esta \u00e9 uma pergunta que s\u00f3 poder\u00e1 ser respondida ap\u00f3s a escolha do seu plano. <\/span><\/p>\n<p><span style=\"font-weight: 400;\">Isso porque a cobertura desse tipo de servi\u00e7o \u00e9 vari\u00e1vel, onde, alguns planos pagam o tratamento ortod\u00f4ntico, mas n\u00e3o cobrem a manuten\u00e7\u00e3o mensal e alguns tipos em que a manuten\u00e7\u00e3o \u00e9 coberta, mas o tratamento em si n\u00e3o.\u00a0<\/span><\/p>\n<p><span style=\"font-weight: 400;\">Tudo vai realmente depender da sua necessidade na hora de escolher o melhor plano.<\/span><\/p>\n<p><span style=\"font-weight: 400;\">Caso seja um objetivo o tratamento e coloca\u00e7\u00e3o do aparelho, o ideal \u00e9 se certificar da cobertura feita pelo plano e optar para a que melhor lhe atender\u00e1.<\/span><\/p>\n<h2><b>Qual \u00e9 a car\u00eancia dos Planos Odontol\u00f3gicos?<\/b><\/h2>\n<p><span style=\"font-weight: 400;\">O per\u00edodo de <a href=\"https:\/\/www.simetriaplanosdesaude.com.br\/blog\/carencia-plano-de-saude\/\">car\u00eancia<\/a> \u00e9 o tempo que voc\u00ea precisa esperar at\u00e9 come\u00e7ar a agendar suas <\/span><span style=\"font-weight: 400;\">consultas junto ao dentista.<\/span><\/p>\n<p><span style=\"font-weight: 400;\">Normalmente (mas n\u00e3o uma regra), esse per\u00edodo \u00e9 de 24 horas, podendo variar de plano para plano.<\/span><\/p>\n<p>Confira abaixo os prazos m\u00e1ximos para atendimento, segundo a ANS:<\/p>\n<table class=\"table table-hover table-bordered table-striped\">\n<thead class=\"thead-ans\">\n<tr>\n<th>Servi\u00e7os<\/th>\n<th>Prazo m\u00e1ximo de atendimento<br \/>\n(em dias \u00fateis)<\/th>\n<\/tr>\n<\/thead>\n<tbody>\n<tr>\n<td>Consulta b\u00e1sica &#8211; pediatria, cl\u00ednica m\u00e9dica, cirurgia geral, ginecologia e obstetr\u00edcia<\/td>\n<td>07 (sete)<\/td>\n<\/tr>\n<tr>\n<td>Consulta nas demais especialidades<\/td>\n<td>14 (catorze)<\/td>\n<\/tr>\n<tr>\n<td>Consulta\/ sess\u00e3o com fonoaudi\u00f3logo<\/td>\n<td>10 (dez)<\/td>\n<\/tr>\n<tr>\n<td>Consulta\/ sess\u00e3o com nutricionista<\/td>\n<td>10 (dez)<\/td>\n<\/tr>\n<tr>\n<td>Consulta\/ sess\u00e3o com psic\u00f3logo<\/td>\n<td>10 (dez)<\/td>\n<\/tr>\n<tr>\n<td>Consulta\/ sess\u00e3o com terapeuta ocupacional<\/td>\n<td>10 (dez)<\/td>\n<\/tr>\n<tr>\n<td>Consulta\/ sess\u00e3o com fisioterapeuta<\/td>\n<td>10 (dez)<\/td>\n<\/tr>\n<tr>\n<td>Consulta e procedimentos realizados em consult\u00f3rio\/ cl\u00ednica com cirurgi\u00e3o-dentista<\/td>\n<td>07 (sete)<\/td>\n<\/tr>\n<tr>\n<td>Servi\u00e7os de diagn\u00f3stico por laborat\u00f3rio de an\u00e1lises cl\u00ednicas em regime ambulatorial<\/td>\n<td>03 (tr\u00eas)<\/td>\n<\/tr>\n<tr>\n<td>Demais servi\u00e7os de diagn\u00f3stico e terapia em regime ambulatorial<\/td>\n<td>10 (dez)<\/td>\n<\/tr>\n<tr>\n<td>Procedimentos de alta complexidade (PAC)<\/td>\n<td>21 (vinte e um)<\/td>\n<\/tr>\n<tr>\n<td>Atendimento em regimento hospital-dia<\/td>\n<td>10 (dez)<\/td>\n<\/tr>\n<tr>\n<td>Atendimento em regime de interna\u00e7\u00e3o eletiva<\/td>\n<td>21 (vinte e um)<\/td>\n<\/tr>\n<tr>\n<td>Urg\u00eancia e emerg\u00eancia<\/td>\n<td>Imediato<\/td>\n<\/tr>\n<tr>\n<td>Consulta de retorno<\/td>\n<td>A crit\u00e9rio do profissional respons\u00e1vel pelo atendimento<\/td>\n<\/tr>\n<\/tbody>\n<\/table>\n<p><span style=\"font-weight: 400;\">Na hora de assinar os pap\u00e9is leia tudo com cautela para identificar o per\u00edodo de car\u00eancia e poder se programar com rela\u00e7\u00e3o \u00e0s suas pr\u00f3ximas visitas ao dentista.<\/span><\/p>\n<h2><b>Como marcar consultas nos Planos Odontol\u00f3gicos?<\/b><\/h2>\n<p><span style=\"font-weight: 400;\">Os planos costumam trabalhar com redes credenciadas, desta forma para agendar suas consultas, voc\u00ea ter\u00e1 acesso, online ou impresso de todas as cl\u00ednicas e profissionais que atendam ao seu plano.<\/span><\/p>\n<p><span style=\"font-weight: 400;\">Ent\u00e3o ser\u00e1 de sua escolha o local de melhor acesso, ou o profissional que deseja acionar para come\u00e7ar seu tratamento. <\/span><\/p>\n<p><span style=\"font-weight: 400;\">Os agendamentos, quase sempre, podem ser feitos online, pelo telefone ou por aplicativos, caso o plano escolhido fa\u00e7a uso desse servi\u00e7o.<\/span><\/p>\n<h2><b>Como pedir reembolso em Planos Odontol\u00f3gicos?<\/b><\/h2>\n<p><span style=\"font-weight: 400;\">Caso voc\u00ea deseje passar com um profissional fora da rede credenciada do seu plano odontol\u00f3gico, pode pagar normalmente e depois, mediante nota, pedir o seu reembolso junto ao plano.<\/span><\/p>\n<p><span style=\"font-weight: 400;\">esta \u00e9 uma quest\u00e3o que deve ser questionada, tamb\u00e9m, no ato de fechamento de contrato, para garantir que o plano que voc\u00eas escolheu tenha essa op\u00e7\u00e3o. <\/span><\/p>\n<p><span style=\"font-weight: 400;\">Afinal, n\u00f3s sabemos que ainda existem pessoas que t\u00eam medo de ir ao dentista e quando encontram um profissional em quem confiam n\u00e3o o deixam por nada.<\/span><\/p>\n<p><span style=\"font-weight: 400;\">Logo, por que n\u00e3o juntar o \u00fatil ao agrad\u00e1vel e conciliar um bom plano odontol\u00f3gico com o profissional que mais te faz sentir bem, n\u00e3o \u00e9 mesmo?<\/span><\/p>\n<h2><b>Como funciona a portabilidade em Planos Odontol\u00f3gicos?<\/b><\/h2>\n<p><span style=\"font-weight: 400;\">A portabilidade, segundo as novas regras da ANS, serve tamb\u00e9m para Planos Odontol\u00f3gicos, desta forma, pessoas que n\u00e3o estejam satisfeitas com seus planos podem pedir a portabilidade para outro plano dentro das seguintes condi\u00e7\u00f5es:<\/span><\/p>\n<blockquote><p><span style=\"font-weight: 400;\">\u201c<\/span><span style=\"font-weight: 400;\">Com a nova normativa, todo o benefici\u00e1rio de planos de sa\u00fade poder\u00e1 realizar a portabilidade de car\u00eancias, respeitando o tempo m\u00ednimo de perman\u00eancia no plano: na primeira portabilidade, m\u00ednimo de dois anos no plano de origem (tr\u00eas anos se tiver cumprido cobertura parcial tempor\u00e1ria); para portabilidades seguintes, m\u00ednimo de um ano de perman\u00eancia no plano de origem ou m\u00ednimo de dois anos se o benefici\u00e1rio mudar para um plano com coberturas n\u00e3o previstas no plano de origem.\u201d<\/span><\/p><\/blockquote>\n<p><span style=\"font-weight: 400;\">Esta \u00e9 a regra para planos de sa\u00fade, mas que se aplica tamb\u00e9m a planos odontol\u00f3gicos, como refor\u00e7a a ANS:<\/span><\/p>\n<blockquote><p><span style=\"font-weight: 400;\">\u201cos benefici\u00e1rios de planos odontol\u00f3gicos tamb\u00e9m podem mudar de plano sem cumprir novos prazos de car\u00eancias. Esses planos tamb\u00e9m est\u00e3o sujeitos \u00e0 compatibilidade de pre\u00e7os, como os planos m\u00e9dico-hospitalares.\u201d<\/span><span style=\"font-weight: 400;\">.<\/span><\/p><\/blockquote>\n<h2><strong>Por que o plano odontol\u00f3gico \u00e9 bom para empresas?<\/strong><\/h2>\n<p><img loading=\"lazy\" decoding=\"async\" class=\"aligncenter wp-image-232\" src=\"https:\/\/www.simetriaplanosdesaude.com.br\/blog\/wp-content\/uploads\/2019\/04\/plano-odontol\u00f3gico.jpg\" alt=\"\" width=\"700\" height=\"467\" srcset=\"https:\/\/www.simetriaplanosdesaude.com.br\/blog\/wp-content\/uploads\/2019\/04\/plano-odontol\u00f3gico.jpg 1890w, https:\/\/www.simetriaplanosdesaude.com.br\/blog\/wp-content\/uploads\/2019\/04\/plano-odontol\u00f3gico-300x200.jpg 300w, https:\/\/www.simetriaplanosdesaude.com.br\/blog\/wp-content\/uploads\/2019\/04\/plano-odontol\u00f3gico-768x512.jpg 768w, https:\/\/www.simetriaplanosdesaude.com.br\/blog\/wp-content\/uploads\/2019\/04\/plano-odontol\u00f3gico-1024x683.jpg 1024w, https:\/\/www.simetriaplanosdesaude.com.br\/blog\/wp-content\/uploads\/2019\/04\/plano-odontol\u00f3gico-1100x733.jpg 1100w\" sizes=\"(max-width: 700px) 100vw, 700px\" \/><\/p>\n<ul>\n<li>Tem um custo baixo para a empresa e \u00e9 bastante valorizado pelo funcion\u00e1rio;<\/li>\n<li>Aumenta a satisfa\u00e7\u00e3o e a produtividade dos colaboradores;<\/li>\n<li>Evita afastamentos por problemas de sa\u00fade bucal;<\/li>\n<li>Melhora a autoestima dos colaboradores, o que reflete na satisfa\u00e7\u00e3o com a empresa;<\/li>\n<li>Pode ser abatido no Imposto de Renda da empresa.<\/li>\n<\/ul>\n<p><span style=\"font-weight: 400;\">Para come\u00e7ar o quanto antes a cuidar da sua sa\u00fade dental e se sentir mais leve e tranquilo quanto ao seu bem-estar consulte-nos.<\/span><\/p>\n<p><span style=\"font-weight: 400;\">A Simetria entende a grande import\u00e2ncia de um Plano odontol\u00f3gico e oferece as melhores op\u00e7\u00f5es do mercado.<\/span><\/p>\n<p><span style=\"font-weight: 400;\">Para fazer a contrata\u00e7\u00e3o, basta entrar em contato com a nossa central de vendas e fazer um or\u00e7amento gratuito.<\/span><\/p>\n<p><span style=\"font-weight: 400;\">Contato: (31) 3207-8090 ou contato@simetriaplanosdesaude.com.br<\/span><\/p>\n","protected":false},"excerpt":{"rendered":"<p>Em um mercado de trabalho altamente competitivo, a empresa que consegue reter e motivar os seus talentos sai na frente da concorr\u00eancia e obt\u00e9m melhores resultados. Uma forma de alcan\u00e7ar esse objetivo \u00e9 investir na oferta de benef\u00edcios aos funcion\u00e1rios como, por exemplo, um bom plano odontol\u00f3gico. Sabemos que a sa\u00fade bucal vai muito al\u00e9m [&hellip;]<\/p>\n","protected":false},"author":1,"featured_media":232,"comment_status":"open","ping_status":"closed","sticky":false,"template":"","format":"standard","meta":{"footnotes":""},"categories":[22],"tags":[],"_links":{"self":[{"href":"https:\/\/www.simetriaplanosdesaude.com.br\/blog\/wp-json\/wp\/v2\/posts\/234"}],"collection":[{"href":"https:\/\/www.simetriaplanosdesaude.com.br\/blog\/wp-json\/wp\/v2\/posts"}],"about":[{"href":"https:\/\/www.simetriaplanosdesaude.com.br\/blog\/wp-json\/wp\/v2\/types\/post"}],"author":[{"embeddable":true,"href":"https:\/\/www.simetriaplanosdesaude.com.br\/blog\/wp-json\/wp\/v2\/users\/1"}],"replies":[{"embeddable":true,"href":"https:\/\/www.simetriaplanosdesaude.com.br\/blog\/wp-json\/wp\/v2\/comments?post=234"}],"version-history":[{"count":15,"href":"https:\/\/www.simetriaplanosdesaude.com.br\/blog\/wp-json\/wp\/v2\/posts\/234\/revisions"}],"predecessor-version":[{"id":1207,"href":"https:\/\/www.simetriaplanosdesaude.com.br\/blog\/wp-json\/wp\/v2\/posts\/234\/revisions\/1207"}],"wp:featuredmedia":[{"embeddable":true,"href":"https:\/\/www.simetriaplanosdesaude.com.br\/blog\/wp-json\/wp\/v2\/media\/232"}],"wp:attachment":[{"href":"https:\/\/www.simetriaplanosdesaude.com.br\/blog\/wp-json\/wp\/v2\/media?parent=234"}],"wp:term":[{"taxonomy":"category","embeddable":true,"href":"https:\/\/www.simetriaplanosdesaude.com.br\/blog\/wp-json\/wp\/v2\/categories?post=234"},{"taxonomy":"post_tag","embeddable":true,"href":"https:\/\/www.simetriaplanosdesaude.com.br\/blog\/wp-json\/wp\/v2\/tags?post=234"}],"curies":[{"name":"wp","href":"https:\/\/api.w.org\/{rel}","templated":true}]}}