{"id":2370,"date":"2022-08-04T18:25:40","date_gmt":"2022-08-04T21:25:40","guid":{"rendered":"https:\/\/www.simetriaplanosdesaude.com.br\/blog\/?p=2370"},"modified":"2022-08-04T18:25:40","modified_gmt":"2022-08-04T21:25:40","slug":"como-usar-seu-plano-de-saude-da-melhor-forma","status":"publish","type":"post","link":"https:\/\/www.simetriaplanosdesaude.com.br\/blog\/como-usar-seu-plano-de-saude-da-melhor-forma\/","title":{"rendered":"Como usar seu plano de sa\u00fade da melhor forma?"},"content":{"rendered":"<h1>Um plano de sa\u00fade se torna um grande alinhado nos cuidados com o corpo e mente.<\/h1>\n<p>O que j\u00e1 era importante, agora \u00e9 essencial. Ter uma sa\u00fade em equil\u00edbrio e viver bem \u00e9 um dos desejos mais genu\u00ednos do ser humano.<\/p>\n<p>Por isso, o plano de sa\u00fade \u00e9 prioridade na vida de todos os brasileiros. Pois, mesmo a sa\u00fade p\u00fablica oferecendo cuidados m\u00e9dicos \u00e0 popula\u00e7\u00e3o, ainda existe muita precariedade em todos os servi\u00e7os disponibilizados pelo SUS.<\/p>\n<p>Ou seja, voc\u00ea deve se prevenir e estar sempre preparado em rela\u00e7\u00e3o aos imprevistos que podem acontecer com sua sa\u00fade e a de quem voc\u00ea ama.<\/p>\n<p>Ent\u00e3o, se voc\u00ea contratou um <a href=\"https:\/\/www.simetriaplanosdesaude.com.br\/\">plano de sa\u00fade \u00e9 importante<\/a>, antes de tudo, saber como utilizar seu plano.<\/p>\n<p>Separamos 7 dicas para voc\u00ea ficar de olho. Acompanhe!<\/p>\n<h2><strong>Confira a car\u00eancia do seu plano <\/strong><\/h2>\n<p>A <a href=\"https:\/\/www.ans.gov.br\/planos-de-saude-e-operadoras\/espaco-do-consumidor\/carencia\">car\u00eancia<\/a> \u00e9 o per\u00edodo que voc\u00ea precisa esperar para realizar os seus procedimentos, como consultas, exames e interna\u00e7\u00f5es. Existem alguns prazos a serem cumpridos antes de voc\u00ea utilizar seu plano de sa\u00fade. Por exemplo, se voc\u00ea estiver gr\u00e1vida e quiser realizar seu parto utilizando seu plano, \u00e9 preciso cumprir uma car\u00eancia de 300 dias. Ou seja, voc\u00ea j\u00e1 deve ter percebido que n\u00e3o \u00e9 simplesmente contratar seu plano e j\u00e1 ir direto usando. Tudo passa pela regulamenta\u00e7\u00e3o da ANS (Ag\u00eancia Nacional de Sa\u00fade Suplementar que estabelece todos os prazos a serem seguidos pelos contratantes dos planos de sa\u00fade.<\/p>\n<h2><strong>Encontre seu m\u00e9dico da sua rede credenciada <\/strong><\/h2>\n<p>Para fazer isso, \u00e9 bem simples. Voc\u00ea pode acessar o site do seu plano de sa\u00fade e, no campo de busca, procurar pela sua rede credenciada. O quer dizer isso? Quer dizer que, pela rede credenciada, voc\u00ea acessa todos os profissionais dispon\u00edveis e pode ent\u00e3o escolher aquele que atenda a especialidade que voc\u00ea precisa. \u00c9 importante sempre apresentar a especialidade que voc\u00ea precisa de atendimento: endocrinologia, dermatologia, ortopedia. Para facilitar, o telefone da central fica no verso da sua carteirinha do plano.<\/p>\n<h2><strong>Anote a data de retorno ao m\u00e9dico<\/strong><\/h2>\n<p>Pelo seu plano de sa\u00fade, voc\u00ea tem direito um retorno m\u00e9dico sem custos para poder apresentar seus exames e receber diagn\u00f3sticos e progn\u00f3sticos relacionados \u00e0 sua sa\u00fade. Ent\u00e3o, aproveite essa oportunidade para esclarecer suas d\u00favidas e ficar ciente sobre qual procedimento precisou ser realizado. Al\u00e9m disso o retorno ao m\u00e9dico \u00e9 definido pelo m\u00e9dico que te atendeu e, tamb\u00e9m, de acordo com a sua situa\u00e7\u00e3o.<\/p>\n<h2><strong>Guarde seus exames<\/strong><\/h2>\n<p>Exames de rotina, como por exemplo os de sangue, precisam de um prazo para serem realizados, analisados e entregues ao paciente. Por isso, n\u00e3o da para refaz\u00ea-los em um curto espa\u00e7o de tempo.<\/p>\n<p>Ent\u00e3o, procure guardar um hist\u00f3rico de seus exames para que voc\u00ea possa fornecer dados essenciais ao diagn\u00f3sticos e tratamento.<\/p>\n<h2><strong>Confira a guia m\u00e9dica antes de assinar<\/strong><\/h2>\n<p>Quando voc\u00ea usar seu plano de sa\u00fade, analise as guias m\u00e9dicas e as informa\u00e7\u00f5es contidas nela. Isso mesmo! Para que voc\u00ea pague somente o valor correto referente ao que voc\u00ea utilizou.<\/p>\n<h2><strong>Aten\u00e7\u00e3o com as consultas agendadas <\/strong><\/h2>\n<p>Se voc\u00ea n\u00e3o for comparecer \u00e0s suas consultas, avise com anteced\u00eancia. Pois, existem outras pessoas tamb\u00e9m esperando por uma vaga para ser atendido. Por isso, ao marcar alguma consulta, compare\u00e7a com anteced\u00eancia e se preocupe com a data, hor\u00e1rio e local marcados, para evitar maiores transtornos.<\/p>\n<h2><strong>Utilize o pronto-socorro somente em casos de urg\u00eancia ou emerg\u00eancia<\/strong><\/h2>\n<p>O pronto-socorro deve ser acionado sempre que houver a necessidade, para o bem da sa\u00fade de todas as pessoas que utilizam o plano. Mas, em alguns casos, n\u00e3o existe essa necessidade. O que acaba por sobrecarregar o sistema e prejudicando outros pacientes, que n\u00e3o conseguem receber o atendimento necess\u00e1rio para suas necessidades. Assim,\u00a0 os atendimentos m\u00e9dicos que n\u00e3o s\u00e3o de urg\u00eancia e emerg\u00eancia devem ser realizados em cl\u00ednicas e consult\u00f3rios, sempre se baseando na condi\u00e7\u00e3o de sa\u00fade do paciente.<\/p>\n","protected":false},"excerpt":{"rendered":"<p>Um plano de sa\u00fade se torna um grande alinhado nos cuidados com o corpo e mente. O que j\u00e1 era importante, agora \u00e9 essencial. Ter uma sa\u00fade em equil\u00edbrio e viver bem \u00e9 um dos desejos mais genu\u00ednos do ser humano. Por isso, o plano de sa\u00fade \u00e9 prioridade na vida de todos os brasileiros. [&hellip;]<\/p>\n","protected":false},"author":1,"featured_media":2371,"comment_status":"closed","ping_status":"closed","sticky":false,"template":"","format":"standard","meta":{"footnotes":""},"categories":[25],"tags":[],"_links":{"self":[{"href":"https:\/\/www.simetriaplanosdesaude.com.br\/blog\/wp-json\/wp\/v2\/posts\/2370"}],"collection":[{"href":"https:\/\/www.simetriaplanosdesaude.com.br\/blog\/wp-json\/wp\/v2\/posts"}],"about":[{"href":"https:\/\/www.simetriaplanosdesaude.com.br\/blog\/wp-json\/wp\/v2\/types\/post"}],"author":[{"embeddable":true,"href":"https:\/\/www.simetriaplanosdesaude.com.br\/blog\/wp-json\/wp\/v2\/users\/1"}],"replies":[{"embeddable":true,"href":"https:\/\/www.simetriaplanosdesaude.com.br\/blog\/wp-json\/wp\/v2\/comments?post=2370"}],"version-history":[{"count":1,"href":"https:\/\/www.simetriaplanosdesaude.com.br\/blog\/wp-json\/wp\/v2\/posts\/2370\/revisions"}],"predecessor-version":[{"id":2372,"href":"https:\/\/www.simetriaplanosdesaude.com.br\/blog\/wp-json\/wp\/v2\/posts\/2370\/revisions\/2372"}],"wp:featuredmedia":[{"embeddable":true,"href":"https:\/\/www.simetriaplanosdesaude.com.br\/blog\/wp-json\/wp\/v2\/media\/2371"}],"wp:attachment":[{"href":"https:\/\/www.simetriaplanosdesaude.com.br\/blog\/wp-json\/wp\/v2\/media?parent=2370"}],"wp:term":[{"taxonomy":"category","embeddable":true,"href":"https:\/\/www.simetriaplanosdesaude.com.br\/blog\/wp-json\/wp\/v2\/categories?post=2370"},{"taxonomy":"post_tag","embeddable":true,"href":"https:\/\/www.simetriaplanosdesaude.com.br\/blog\/wp-json\/wp\/v2\/tags?post=2370"}],"curies":[{"name":"wp","href":"https:\/\/api.w.org\/{rel}","templated":true}]}}