{"id":2375,"date":"2022-08-09T14:56:51","date_gmt":"2022-08-09T17:56:51","guid":{"rendered":"https:\/\/www.simetriaplanosdesaude.com.br\/blog\/?p=2375"},"modified":"2022-08-09T14:56:51","modified_gmt":"2022-08-09T17:56:51","slug":"o-que-sabemos-da-variola-dos-macacos","status":"publish","type":"post","link":"https:\/\/www.simetriaplanosdesaude.com.br\/blog\/o-que-sabemos-da-variola-dos-macacos\/","title":{"rendered":"O que sabemos da var\u00edola dos macacos?"},"content":{"rendered":"<p>Nos \u00faltimos meses, uma coisa vem preocupando todas as autoridades em sa\u00fade pelo mundo: A Var\u00edola dos Macacos. Isso ap\u00f3s todos desafios que vivemos em rela\u00e7\u00e3o \u00e0 pandemia de Covid-19. Sendo assim, como se fosse pouco, o mundo se viu diante de uma nova amea\u00e7a.<\/p>\n<p>Mas afinal, o que \u00e9 a Var\u00edola dos macacos? Pois bem, como o pr\u00f3prio nome sugere \u00e9 uma doen\u00e7a muito similar a Var\u00edola. Sim, a enfermidade que surgiu durante a idade m\u00e9dia, mas que foi erradicada apenas em 1977.<\/p>\n<p>A Var\u00edola \u00e9 um v\u00edrus de f\u00e1cil e r\u00e1pida transmiss\u00e3o, assim como a gripe. Mas ela se destaca por ter sido uma das doen\u00e7as que mais matou no mundo. E, tamb\u00e9m, por ter sido uma das primeiras doen\u00e7as que foi controlada pela utiliza\u00e7\u00e3o da imuniza\u00e7\u00e3o em larga escala.<\/p>\n<p>No entanto, assim como a var\u00edola, a varia\u00e7\u00e3o dos macacos tamb\u00e9m n\u00e3o \u00e9 algo recente. Os primeiros registros sobre a contamina\u00e7\u00e3o em humanos ocorreram em 2003, nos Estados Unidos. Na \u00e9poca, houve a confirma\u00e7\u00e3o de 35 casos e 35 suspeitos, mas nenhuma morte.\u00a0 Al\u00e9m disso, ambas as doen\u00e7as s\u00e3o respirat\u00f3rias, causa o surgimento de p\u00fastulas em grande quantidade (feridas pelo corpo) e s\u00e3o transmitidas por meio de secre\u00e7\u00f5es fisiol\u00f3gicas, como saliva.<\/p>\n<p>Justamente por essas similaridades, identificar a diferen\u00e7a entre os v\u00edrus \u00e9 dif\u00edcil. \u00c9 preciso exames cl\u00ednicos mais elaborados para descobrir de qual se trata. Mas \u00e9 importante ressaltar que, hoje, a contamina\u00e7\u00e3o por var\u00edola s\u00f3 ocorre em pessoas que n\u00e3o est\u00e3o vacinadas. J\u00e1 a dos macacos, n\u00e3o h\u00e1 tratamento ainda confirmado, nem imuniza\u00e7\u00e3o.<\/p>\n<p>Por isso, a Organiza\u00e7\u00e3o Mundial da Sa\u00fade (OMS) recomenda a higieniza\u00e7\u00e3o das m\u00e3os, especialmente para as pessoas residentes e os viajantes para os pa\u00edses africanos. Regi\u00e3o onde existem a maior quantidade de casos confirmados. E, possivelmente, de onde ela se originou.<\/p>\n<h2><strong>Quais os sintomas da doen\u00e7a?\u00a0<\/strong><\/h2>\n<p>Ao ser contaminado, os primeiros sintomas podem ser facilmente confundidos com uma simples gripe. Em geral, incluem: dores musculares e nas costas, inflama\u00e7\u00e3o nos linfonodos, dores de cabe\u00e7a e febre. Com o desenvolvimento do quadro, os sintomas passam a incluir: les\u00f5es na pele que come\u00e7am pelo rosto e, posteriormente, se espalham pelo corpo podendo chegar at\u00e9 as partes genitais, como tamb\u00e9m ocorre no caso da catapora ou da s\u00edfilis.<\/p>\n<p>Os sintomas da var\u00edola dos macacos n\u00e3o necessariamente s\u00e3o graves. Existem casos mais leves que podem, at\u00e9 mesmo, passarem despercebidos. E, via de regra, eles costumam durar de duas a quatro semanas e, ent\u00e3o, come\u00e7am a desaparecer.<\/p>\n<p>Por isso, \u00e9 de extrema import\u00e2ncia, em caso de suspeitas, procurar atendimento m\u00e9dico imediatamente.<\/p>\n<h2><strong>O quadro atual da doen\u00e7a no mundo e no Brasil <\/strong><\/h2>\n<p>Como mencionamos, segundo as autoridades de sa\u00fade, os sintomas da var\u00edola dos macacos podem sem leves e, at\u00e9 mesmo, desaparecerem sozinhos. Sem necessidade de acompanhamento m\u00e9dico. Mas em casos de rec\u00e9m-nascidos, crian\u00e7as, pessoas com sistema imunol\u00f3gico comprometido e aqueles que apresentam quadro grave, a doen\u00e7a pode levar a morte.<\/p>\n<p>Entretanto, apesar da baixa ocorr\u00eancia de mortes, por ser altamente transmiss\u00edvel a OMS declarou que a var\u00edola dos macacos como uma emerg\u00eancia de sa\u00fade p\u00fablica de interesse internacional. Isso pois a doen\u00e7a se espalhou rapidamente pelo mundo e n\u00e3o h\u00e1 total conhecimento sobre a doen\u00e7a. Ainda, a var\u00edola dos macacos possui uma taxa de morte em torno em 11% dos infectados e h\u00e1 a preocupa\u00e7\u00e3o que isso possa aumentar.<\/p>\n<p>No Brasil, <a href=\"https:\/\/g1.globo.com\/saude\/noticia\/2022\/07\/23\/entenda-o-avanco-dos-casos-da-variola-dos-macacos-pelo-mundo.ghtml\">o registro de 1721 casos confirmados<\/a>, em sua grande maioria, est\u00e3o nos estados de S\u00e3o Paulo, Rio de Janeiro, Minas Gerais e Distrito Federal. Al\u00e9m disso, houve uma morte confirmada pela doen\u00e7a. Esse cen\u00e1rio levou as governos e prefeituras a aumentarem as vacinas contra a var\u00edola em uma tentativa de controlar a evolu\u00e7\u00e3o da doen\u00e7a.<\/p>\n<h2><strong>Como se proteger da contamina\u00e7\u00e3o da Var\u00edola dos Macacos? <\/strong><\/h2>\n<p>De acordo com os \u00f3rg\u00e3os de sa\u00fade os cuidados para diminuir o risco de contamina\u00e7\u00e3o envolvem: Evitar contato pr\u00f3ximo com pessoas que j\u00e1 estejam infectadas, usar m\u00e1scaras, evitar contato f\u00edsico no meio de grandes aglomera\u00e7\u00f5es, higieniza\u00e7\u00e3o das m\u00e3os e evitar o compartilhamento de objetos de uso pessoal. Bem como restringir a quantidade de parceiros sexuais. Al\u00e9m da doen\u00e7a ser transmiss\u00edvel sexualmente, o uso de camisinha n\u00e3o impede a infec\u00e7\u00e3o.<\/p>\n<p>Neste sentido, vale lembrar sobre a import\u00e2ncia da vacina\u00e7\u00e3o e dos cuidados com a sa\u00fade. N\u00e3o apenas por uma quest\u00e3o de prote\u00e7\u00e3o individual, mas para evitar contaminar outras pessoas que podem morrer ou ter sequelas graves.<\/p>\n<p>E caso tenha tido contato com alguma pessoa infectada ou apresente algum sintoma, procure um m\u00e9dico!<\/p>\n","protected":false},"excerpt":{"rendered":"<p>Nos \u00faltimos meses, uma coisa vem preocupando todas as autoridades em sa\u00fade pelo mundo: A Var\u00edola dos Macacos. Isso ap\u00f3s todos desafios que vivemos em rela\u00e7\u00e3o \u00e0 pandemia de Covid-19. Sendo assim, como se fosse pouco, o mundo se viu diante de uma nova amea\u00e7a. Mas afinal, o que \u00e9 a Var\u00edola dos macacos? Pois [&hellip;]<\/p>\n","protected":false},"author":1,"featured_media":2376,"comment_status":"closed","ping_status":"closed","sticky":false,"template":"","format":"standard","meta":{"footnotes":""},"categories":[18],"tags":[43,40,44,42,28,41,39],"_links":{"self":[{"href":"https:\/\/www.simetriaplanosdesaude.com.br\/blog\/wp-json\/wp\/v2\/posts\/2375"}],"collection":[{"href":"https:\/\/www.simetriaplanosdesaude.com.br\/blog\/wp-json\/wp\/v2\/posts"}],"about":[{"href":"https:\/\/www.simetriaplanosdesaude.com.br\/blog\/wp-json\/wp\/v2\/types\/post"}],"author":[{"embeddable":true,"href":"https:\/\/www.simetriaplanosdesaude.com.br\/blog\/wp-json\/wp\/v2\/users\/1"}],"replies":[{"embeddable":true,"href":"https:\/\/www.simetriaplanosdesaude.com.br\/blog\/wp-json\/wp\/v2\/comments?post=2375"}],"version-history":[{"count":1,"href":"https:\/\/www.simetriaplanosdesaude.com.br\/blog\/wp-json\/wp\/v2\/posts\/2375\/revisions"}],"predecessor-version":[{"id":2377,"href":"https:\/\/www.simetriaplanosdesaude.com.br\/blog\/wp-json\/wp\/v2\/posts\/2375\/revisions\/2377"}],"wp:featuredmedia":[{"embeddable":true,"href":"https:\/\/www.simetriaplanosdesaude.com.br\/blog\/wp-json\/wp\/v2\/media\/2376"}],"wp:attachment":[{"href":"https:\/\/www.simetriaplanosdesaude.com.br\/blog\/wp-json\/wp\/v2\/media?parent=2375"}],"wp:term":[{"taxonomy":"category","embeddable":true,"href":"https:\/\/www.simetriaplanosdesaude.com.br\/blog\/wp-json\/wp\/v2\/categories?post=2375"},{"taxonomy":"post_tag","embeddable":true,"href":"https:\/\/www.simetriaplanosdesaude.com.br\/blog\/wp-json\/wp\/v2\/tags?post=2375"}],"curies":[{"name":"wp","href":"https:\/\/api.w.org\/{rel}","templated":true}]}}