{"id":2382,"date":"2022-08-16T20:58:23","date_gmt":"2022-08-16T23:58:23","guid":{"rendered":"https:\/\/www.simetriaplanosdesaude.com.br\/blog\/?p=2382"},"modified":"2022-08-16T20:58:23","modified_gmt":"2022-08-16T23:58:23","slug":"hora-de-vacinar-saiba-mais-sobre-os-beneficios-da-vacinacao-contra-a-poliomielite","status":"publish","type":"post","link":"https:\/\/www.simetriaplanosdesaude.com.br\/blog\/hora-de-vacinar-saiba-mais-sobre-os-beneficios-da-vacinacao-contra-a-poliomielite\/","title":{"rendered":"Hora de vacinar: Saiba mais sobre os benef\u00edcios da vacina\u00e7\u00e3o contra a poliomielite"},"content":{"rendered":"<p>A Poliomielite, tamb\u00e9m conhecida como paralisia infantil, \u00e9 uma doen\u00e7a viral grave e que acarreta paralisia nos membros inferiores. Registrada no Brasil desde o fim do s\u00e9culo 19, a poliomielite foi respons\u00e1vel por diversos surtos de sa\u00fade p\u00fablica. Especialmente, durante as d\u00e9cadas de 1910 e 1950 quando a doen\u00e7a colocou o pa\u00eds em um quadro epid\u00eamico. Mas, felizmente, teve seu quadro revertido com a vacina\u00e7\u00e3o em massa no in\u00edcio dos anos 1990 que levou a sua erradica\u00e7\u00e3o.<\/p>\n<p>Quem n\u00e3o se lembra do famoso Z\u00e9 gotinha nas campanhas de vacina\u00e7\u00e3o infantil? Pois bem, ele foi criado justamente com o intuito de fazer a campanha de vacina\u00e7\u00e3o contra o v\u00edrus da P\u00f3lio fosse mais atrativo para as crian\u00e7as.<\/p>\n<p>Gra\u00e7as ao famoso personagem milhares de crian\u00e7as vencessem o medo, geralmente, associado as seringas. Afinal, \u00e9 necess\u00e1rio apenas uma gotinha para se vacinar.<\/p>\n<h2><strong>Por que a p\u00f3lio voltou a ser uma preocupa\u00e7\u00e3o? <\/strong><\/h2>\n<p>Uma d\u00favida bem comum acerca da poliomielite \u00e9 que se a doen\u00e7a est\u00e1 erradicada, por que voltou a ser uma preocupa\u00e7\u00e3o dos \u00f3rg\u00e3os de sa\u00fade?<\/p>\n<p><a href=\"https:\/\/www.bbc.com\/portuguese\/brasil-62471680\">De acordo com a Organiza\u00e7\u00e3o Pan-Americana de Sa\u00fade<\/a>, os chamados derivados de vacina, ou seja, v\u00edrus que circulam de uma forma diferente do original, n\u00e3o possuem a mesma resposta a vacina. Sendo assim, pode haver casos em que a vacina n\u00e3o seja eficiente contra a poliomielite.<\/p>\n<p>Contudo, apesar dos casos resistentes sejam m\u00ednimos, o Brasil \u00e9 um dos oito pa\u00edses sul-americanos que apresentam alto risco de uma nova onda end\u00eamica da doen\u00e7a. Esse tamb\u00e9m o caso de pa\u00edses como Inglaterra, Israel e Estados Unidos.<\/p>\n<h2><strong>N\u00e3o deixe que doen\u00e7as eliminadas voltem<\/strong><\/h2>\n<p>A melhor forma de combater a doen\u00e7a e evitar que ela se espalhe novamente \u00e9 por meio da vacina\u00e7\u00e3o. Disso n\u00e3o h\u00e1 d\u00favidas! A baixa cobertura vacinal \u00e9 o principal fator para propaga\u00e7\u00e3o de um novo surto.<\/p>\n<p>A vacina oral administrada em uma quantidade pequena de pessoas dentro de uma sociedade suscet\u00edvel a dissemina\u00e7\u00e3o, h\u00e1 grandes chances de o v\u00edrus sofrer muta\u00e7\u00e3o e continuar infectando.<\/p>\n<p>Ao mesmo tempo, sem a prote\u00e7\u00e3o imunol\u00f3gica, a pessoa n\u00e3o fica somente mais exposta a doen\u00e7a, mas os sintomas tamb\u00e9m podem ser bem mais graves.<\/p>\n<p>Se contaminado, o infectado corre o risco de o v\u00edrus afetar o c\u00e9rebro se n\u00e3o tratado a tempo. Esse \u00e9 o caso em que ocorre a paralisia podendo levar, at\u00e9 mesmo, a amputa\u00e7\u00e3o dos membros. Al\u00e9m disso, a doen\u00e7a pode tamb\u00e9m causa meningite, doen\u00e7a muito conhecida pelas sequelas de perda da audi\u00e7\u00e3o e vis\u00e3o.<\/p>\n<p>Por isso, a melhor op\u00e7\u00e3o \u00e9 garantir que a maioria das crian\u00e7as sejam vacinadas.<\/p>\n<h2><strong>Nova campanha de vacina\u00e7\u00e3o contra poliomielite <\/strong><\/h2>\n<p>Diante desse cen\u00e1rio, o Minist\u00e9rio da Sa\u00fade lan\u00e7ou na segunda-feira dia 08\/08 a nova campanha nacional de vacina\u00e7\u00e3o contra a poliomielite.<\/p>\n<p>Crian\u00e7as de at\u00e9 5 anos e os menores de 15 anos que n\u00e3o foram vacinados dever ir a qualquer posto de vacina\u00e7\u00e3o e ter acesso a imuniza\u00e7\u00e3o de forma gratuita at\u00e9 o dia 9 de setembro.<\/p>\n<p>Segundo a Fiocruz, o objetivo \u00e9 conseguir imunizar 80% das crian\u00e7as e adolescentes.<\/p>\n<p>Por fim, fica o recado sobre a import\u00e2ncia da vacina\u00e7\u00e3o. N\u00e3o deixe para depois a sa\u00fade daqueles que voc\u00ea ama.<\/p>\n","protected":false},"excerpt":{"rendered":"<p>A Poliomielite, tamb\u00e9m conhecida como paralisia infantil, \u00e9 uma doen\u00e7a viral grave e que acarreta paralisia nos membros inferiores. Registrada no Brasil desde o fim do s\u00e9culo 19, a poliomielite foi respons\u00e1vel por diversos surtos de sa\u00fade p\u00fablica. Especialmente, durante as d\u00e9cadas de 1910 e 1950 quando a doen\u00e7a colocou o pa\u00eds em um quadro [&hellip;]<\/p>\n","protected":false},"author":1,"featured_media":2383,"comment_status":"closed","ping_status":"closed","sticky":false,"template":"","format":"standard","meta":{"footnotes":""},"categories":[18],"tags":[49,47,46,45,48],"_links":{"self":[{"href":"https:\/\/www.simetriaplanosdesaude.com.br\/blog\/wp-json\/wp\/v2\/posts\/2382"}],"collection":[{"href":"https:\/\/www.simetriaplanosdesaude.com.br\/blog\/wp-json\/wp\/v2\/posts"}],"about":[{"href":"https:\/\/www.simetriaplanosdesaude.com.br\/blog\/wp-json\/wp\/v2\/types\/post"}],"author":[{"embeddable":true,"href":"https:\/\/www.simetriaplanosdesaude.com.br\/blog\/wp-json\/wp\/v2\/users\/1"}],"replies":[{"embeddable":true,"href":"https:\/\/www.simetriaplanosdesaude.com.br\/blog\/wp-json\/wp\/v2\/comments?post=2382"}],"version-history":[{"count":1,"href":"https:\/\/www.simetriaplanosdesaude.com.br\/blog\/wp-json\/wp\/v2\/posts\/2382\/revisions"}],"predecessor-version":[{"id":2384,"href":"https:\/\/www.simetriaplanosdesaude.com.br\/blog\/wp-json\/wp\/v2\/posts\/2382\/revisions\/2384"}],"wp:featuredmedia":[{"embeddable":true,"href":"https:\/\/www.simetriaplanosdesaude.com.br\/blog\/wp-json\/wp\/v2\/media\/2383"}],"wp:attachment":[{"href":"https:\/\/www.simetriaplanosdesaude.com.br\/blog\/wp-json\/wp\/v2\/media?parent=2382"}],"wp:term":[{"taxonomy":"category","embeddable":true,"href":"https:\/\/www.simetriaplanosdesaude.com.br\/blog\/wp-json\/wp\/v2\/categories?post=2382"},{"taxonomy":"post_tag","embeddable":true,"href":"https:\/\/www.simetriaplanosdesaude.com.br\/blog\/wp-json\/wp\/v2\/tags?post=2382"}],"curies":[{"name":"wp","href":"https:\/\/api.w.org\/{rel}","templated":true}]}}