{"id":2423,"date":"2022-11-29T19:25:26","date_gmt":"2022-11-29T21:25:26","guid":{"rendered":"https:\/\/www.simetriaplanosdesaude.com.br\/blog\/?p=2423"},"modified":"2022-11-29T19:26:11","modified_gmt":"2022-11-29T21:26:11","slug":"a-nova-onda-de-covid-19-no-brasil-e-real","status":"publish","type":"post","link":"https:\/\/www.simetriaplanosdesaude.com.br\/blog\/a-nova-onda-de-covid-19-no-brasil-e-real\/","title":{"rendered":"A nova onda de covid-19 no Brasil \u00e9 real?"},"content":{"rendered":"<h2><strong>Tire todas as suas d\u00favidas sobre a atual onda de covid no Brasil causada por novas variantes da doen\u00e7a<\/strong><\/h2>\n<p>De acordo com dados da imprensa da brasileira, o pa\u00eds registrou, no \u00faltimo dia 19 de novembro, 29.102 novos casos de covid-19. Sendo assim, a m\u00e9dia m\u00f3vel ficou em 11.525 casos, a maior em dois meses.<\/p>\n<p>No cen\u00e1rio internacional, uma nova onda da doen\u00e7a j\u00e1 causa um alvoro\u00e7o na Europa, na China e nos Estados Unidos, durante o m\u00eas de novembro, com um aumento similar ao que est\u00e1 acontecendo aqui no Brasil. Essa nova onda veio com duas novas subvariantes da \u00f4micron, a BQ.1 e a XXB.<\/p>\n<h3><strong>O que voc\u00ea encontrar\u00e1 nesse post:<\/strong><\/h3>\n<ol>\n<li>Quais s\u00e3o os sintomas?<\/li>\n<li>Por que devo me proteger?<\/li>\n<li>Como posso me proteger?<\/li>\n<\/ol>\n<h2><strong>Quais s\u00e3o os sintomas?<\/strong><\/h2>\n<p>Por al\u00edvio, n\u00e3o h\u00e1 ind\u00edcios de que a BQ.1 (a que mais circula) e nem as outras variantes da \u00f4micron, sejam mais letais que a varia\u00e7\u00e3o mais antiga do v\u00edrus. Assim, os sintomas tamb\u00e9m s\u00e3o os mesmos: <strong>dor de garganta, febre, tosse, dor de cabe\u00e7a, cansa\u00e7o, perda de olfato e paladar.<\/strong><\/p>\n<p>Contudo, \u00e9 necess\u00e1rio refor\u00e7ar o cuidado contra as Fake News espalhadas em rela\u00e7\u00e3o a esta nova onda e sobre as novas variantes. Desse modo, confira esse post do Estad\u00e3o sobre <a href=\"https:\/\/politica.estadao.com.br\/blogs\/estadao-verifica\/medico-marcio-bontempo-novas-variantes-covid-onda-pandemia\/\">m\u00e9dico que divulga informa\u00e7\u00f5es falsas<\/a>.<\/p>\n<p>Diante deste novo cen\u00e1rio, o retorno das atividades, o fim do distanciamento f\u00edsico, a libera\u00e7\u00e3o do uso de m\u00e1scaras, todos esses s\u00e3o ambientes em que o v\u00edrus se propaga muito facilmente. Ainda mais variantes como a BQ.1 e a XXB, que j\u00e1 foram comprovadas como muta\u00e7\u00f5es do v\u00edrus com <strong>taxas alt\u00edssimas de transmiss\u00e3o.<\/strong><\/p>\n<h2><strong>Por que devo me proteger?<\/strong><\/h2>\n<p>Devido aos altos \u00edndices de transmiss\u00e3o, as chances de contrair o v\u00edrus s\u00e3o muito grandes, apesar dos sintomas n\u00e3o chegarem a ser letais. Especialmente, em rela\u00e7\u00e3o \u00e0 grande parcela da popula\u00e7\u00e3o que j\u00e1 tomou todas as doses necess\u00e1rias das vacinas dispon\u00edveis no Brasil.<\/p>\n<p>Al\u00e9m disso, especialistas tamb\u00e9m alertam para um fen\u00f4meno que chamam de \u201ctripledemia\u201d, pois a gripe su\u00edna e o v\u00edrus sincicial respirat\u00f3rio (VSR) voltaram a lotar hospitais em v\u00e1rias partes do continente americano, at\u00e9 mesmo no Brasil.<\/p>\n<p>Sendo assim, \u00e9 poss\u00edvel se proteger e evitar danos maiores nesse momento, desde que siga corretamente as medidas impostas a seguir.<\/p>\n<p>Se voc\u00ea quer saber mais sobre as novas variantes, n\u00e3o deixe de conferir esse post da Cofen em que <a href=\"http:\/\/www.cofen.gov.br\/nova-onda-de-covid-19-tire-suas-duvidas_104140.html\">especialistas tamb\u00e9m esclarecem d\u00favidas sobre a doen\u00e7a em sua nova onda.<\/a><\/p>\n<h2><strong>Como posso me proteger do Covid- 19?<\/strong><\/h2>\n<p>Para se proteger, existem 5 medidas fundamentais. Confira agora mesmo quais s\u00e3o elas:<\/p>\n<ol>\n<li>vacina\u00e7\u00e3o em dia;<\/li>\n<li>fazer o teste;<\/li>\n<li>ficar atento aos sintomas;<\/li>\n<li>usar m\u00e1scara em locais fechados e<\/li>\n<li>seguir em isolamento se necess\u00e1rio.<\/li>\n<\/ol>\n<p>Por fim, contrate um plano de sa\u00fade Simetria e saiba que ter\u00e1 o melhor atendimento aliado \u00e0 melhor equipe de m\u00e9dicos especializados, sem filas, sem burocracia, com transpar\u00eancia e que ser\u00e1 a melhor op\u00e7\u00e3o para voc\u00ea e sua fam\u00edlia. Tudo isso, por um pre\u00e7o que cabe dentro do bolso.<\/p>\n<p>Assim, caso voc\u00ea contraia uma das novas variantes, ter\u00e1 atendimento de qualidade.<\/p>\n<p>Clique <a href=\"https:\/\/www.simetriaplanosdesaude.com.br\/plano-de-saude-individual?origem=google&amp;gclid=CjwKCAiApvebBhAvEiwAe7mHSPrCF487IcFityXgplZMPrW6IHfJZ5YszKrwFOrgNDwhBDFYMUNMrxoCvr0QAvD_BwE\">neste link<\/a> e saiba mais.<\/p>\n<p><a href=\"https:\/\/politica.estadao.com.br\/blogs\/estadao-verifica\/medico-marcio-bontempo-novas-variantes-covid-onda-pandemia\/\">\u00a0<\/a><\/p>\n","protected":false},"excerpt":{"rendered":"<p>Tire todas as suas d\u00favidas sobre a atual onda de covid no Brasil causada por novas variantes da doen\u00e7a De acordo com dados da imprensa da brasileira, o pa\u00eds registrou, no \u00faltimo dia 19 de novembro, 29.102 novos casos de covid-19. Sendo assim, a m\u00e9dia m\u00f3vel ficou em 11.525 casos, a maior em dois meses. [&hellip;]<\/p>\n","protected":false},"author":1,"featured_media":0,"comment_status":"closed","ping_status":"closed","sticky":false,"template":"","format":"standard","meta":{"footnotes":""},"categories":[18,1],"tags":[64,62,49,40,51,28,32,63],"_links":{"self":[{"href":"https:\/\/www.simetriaplanosdesaude.com.br\/blog\/wp-json\/wp\/v2\/posts\/2423"}],"collection":[{"href":"https:\/\/www.simetriaplanosdesaude.com.br\/blog\/wp-json\/wp\/v2\/posts"}],"about":[{"href":"https:\/\/www.simetriaplanosdesaude.com.br\/blog\/wp-json\/wp\/v2\/types\/post"}],"author":[{"embeddable":true,"href":"https:\/\/www.simetriaplanosdesaude.com.br\/blog\/wp-json\/wp\/v2\/users\/1"}],"replies":[{"embeddable":true,"href":"https:\/\/www.simetriaplanosdesaude.com.br\/blog\/wp-json\/wp\/v2\/comments?post=2423"}],"version-history":[{"count":2,"href":"https:\/\/www.simetriaplanosdesaude.com.br\/blog\/wp-json\/wp\/v2\/posts\/2423\/revisions"}],"predecessor-version":[{"id":2426,"href":"https:\/\/www.simetriaplanosdesaude.com.br\/blog\/wp-json\/wp\/v2\/posts\/2423\/revisions\/2426"}],"wp:attachment":[{"href":"https:\/\/www.simetriaplanosdesaude.com.br\/blog\/wp-json\/wp\/v2\/media?parent=2423"}],"wp:term":[{"taxonomy":"category","embeddable":true,"href":"https:\/\/www.simetriaplanosdesaude.com.br\/blog\/wp-json\/wp\/v2\/categories?post=2423"},{"taxonomy":"post_tag","embeddable":true,"href":"https:\/\/www.simetriaplanosdesaude.com.br\/blog\/wp-json\/wp\/v2\/tags?post=2423"}],"curies":[{"name":"wp","href":"https:\/\/api.w.org\/{rel}","templated":true}]}}