{"id":2447,"date":"2024-10-11T11:32:18","date_gmt":"2024-10-11T14:32:18","guid":{"rendered":"https:\/\/www.simetriaplanosdesaude.com.br\/blog\/?p=2447"},"modified":"2024-11-26T16:58:49","modified_gmt":"2024-11-26T18:58:49","slug":"beneficios-de-ter-um-plano-de-saude","status":"publish","type":"post","link":"https:\/\/www.simetriaplanosdesaude.com.br\/blog\/beneficios-de-ter-um-plano-de-saude\/","title":{"rendered":"Benef\u00edcios de ter um plano de sa\u00fade"},"content":{"rendered":"<p><img loading=\"lazy\" decoding=\"async\" class=\"alignnone size-medium wp-image-2452\" src=\"https:\/\/www.simetriaplanosdesaude.com.br\/blog\/wp-content\/uploads\/2024\/10\/Beneficios-de-ter-um-plano-de-saude-1-300x169.png\" alt=\"\" width=\"300\" height=\"169\" srcset=\"https:\/\/www.simetriaplanosdesaude.com.br\/blog\/wp-content\/uploads\/2024\/10\/Beneficios-de-ter-um-plano-de-saude-1-300x169.png 300w, https:\/\/www.simetriaplanosdesaude.com.br\/blog\/wp-content\/uploads\/2024\/10\/Beneficios-de-ter-um-plano-de-saude-1.png 768w\" sizes=\"(max-width: 300px) 100vw, 300px\" \/><\/p>\n<p><span style=\"font-weight: 400;\">Em um mundo onde a sa\u00fade \u00e9 um bem cada vez mais precioso, virou uma necessidade aproveitar os benef\u00edcios de ter um plano de sa\u00fade de qualidade. Isso se tornou um investimento, digamos, obrigat\u00f3rio.<\/span><\/p>\n<p><span style=\"font-weight: 400;\">Mas, voc\u00ea sabe porque \u00e9 t\u00e3o fundamental ter um plano de sa\u00fade?<\/span><\/p>\n<p><span style=\"font-weight: 400;\">Estamos em uma sociedade acelerada que sofre com condi\u00e7\u00f5es clim\u00e1ticas inst\u00e1veis e, em certas ocasi\u00f5es, insalubres. Com isso, o tempo seco se torna prejudicial \u00e0 nossa sa\u00fade como um todo. As vias respirat\u00f3rias ficam mais irritadas, os problemas com a pele podem surgir, os olhos ficam ressecados e os sangramentos nasais se tornam mais recorrentes. Al\u00e9m disso, o <a href=\"https:\/\/www.osul.com.br\/com-alta-demanda-no-sus-o-governo-tenta-frear-a-fila-de-cirurgias-na-saude-publica\/#:~:text=Por%20conta%20de%20uma%20demanda%20represada%20no,de%20cirurgia%2C%20seja%20de%20ordem%20simples%20ou\" target=\"_blank\" rel=\"noopener\">Sistema \u00danico de Sa\u00fade &#8211; o SUS &#8211; n\u00e3o tem suportado a alta demanda<\/a> para a quantidade de pessoas que precisam de atendimentos e cirurgias.<\/span><\/p>\n<p><span style=\"font-weight: 400;\">Portanto, \u00e9 adequado contar com um suporte \u00e0 sa\u00fade particular e especializado, com valores acess\u00edveis.<\/span><\/p>\n<h2><strong>Ter um plano \u00e9 pagar mais caro para ter sa\u00fade?<\/strong><\/h2>\n<p><span style=\"font-weight: 400;\">N\u00e3o! Afinal, para se ter uma ideia uma consulta m\u00e9dica particular pode variar de R$238,29 &#8211; valor m\u00ednimo estabelecido pela Federa\u00e7\u00e3o Nacional dos M\u00e9dicos (FENAM) para 2024 &#8211; e ultrapassar os R$1.000 a depender do especialista.<\/span><\/p>\n<p><span style=\"font-weight: 400;\">Al\u00e9m do mais, o custo m\u00e9dio para interna\u00e7\u00f5es aumentaram de R$6.455 em 2019 para R$10.153 em 2022, segundo pesquisa realizada pela UNIDAS \u2013 Uni\u00e3o Nacional das Institui\u00e7\u00f5es de Autogest\u00e3o em Sa\u00fade.<\/span><\/p>\n<p><span style=\"font-weight: 400;\">Por isso, quem investe em um plano de sa\u00fade e mant\u00e9m o pagamento dele em dia, tamb\u00e9m consegue poupar dinheiro com imprevistos, vide valores citados acima. Assim, al\u00e9m de garantir seguran\u00e7a e bem-estar, estar com seu plano ativo \u00e9 sin\u00f4nimo de controle e planejamento financeiro.<\/span><\/p>\n<p><span style=\"font-weight: 400;\">Sabe quando um problema aparece e voc\u00ea precisa enfrentar fila de espera para uma consulta r\u00e1pida no SUS? Bom, com um plano de sa\u00fade, sua espera \u00e9 reduzida e em alguns casos ela nem existe.\u00a0<\/span><\/p>\n<p><span style=\"font-weight: 400;\">O benefici\u00e1rio pode manter a tranquilidade, pois sabe que um tratamento eficiente o aguarda. Principalmente depois que a modalidade de Teleconsulta foi implantada como modelo de atendimento. Uma comodidade a mais quando precisa de\u00a0 agilidade e rapidez. Geralmente voc\u00ea passa por uma triagem ou j\u00e1 conversa direto com um cl\u00ednico geral. Vale lembrar que o atendimento muda de operadora para operadora.\u00a0<\/span><\/p>\n<p><span style=\"font-weight: 400;\">Al\u00e9m disso, devido a grande quantidade de m\u00e9dicos credenciados, na maioria dos planos de sa\u00fade, aguardar por anos para realizar um exame ou aquele procedimento cir\u00fargico, passa longe de ser uma realidade. A sua sa\u00fade e a de sua fam\u00edlia certamente agradecem.<\/span><\/p>\n<h2><strong>Prote\u00e7\u00e3o para todos<\/strong><\/h2>\n<p><span style=\"font-weight: 400;\">Optar por um plano de sa\u00fade, te d\u00e1 um leque variado de cl\u00ednicas e hospitais inclu\u00eddos na rede credenciada. Assim, h\u00e1 a possibilidade de voc\u00ea estar em outra cidade, estado &#8211; a depender dos servi\u00e7os contratados &#8211; que estar\u00e1 sob a cobertura do seu plano.<\/span><\/p>\n<p><span style=\"font-weight: 400;\">Mas qual op\u00e7\u00e3o escolher? Veja abaixo as principais maneiras de cuidar da sa\u00fade, seja individualmente ou de maneira coletiva.<\/span><\/p>\n<h2><strong>Tipos de planos de sa\u00fade<\/strong><\/h2>\n<p><span style=\"font-weight: 400;\">Agora que j\u00e1 entendeu a import\u00e2ncia de fazer a contrata\u00e7\u00e3o, \u00e9 fundamental entender todos os tipos e saber para qual realidade cada um funciona. Vamos l\u00e1?<\/span><\/p>\n<ul>\n<li aria-level=\"1\"><b>Individual<\/b><\/li>\n<\/ul>\n<p><span style=\"font-weight: 400;\">Um <\/span><a href=\"https:\/\/www.simetriaplanosdesaude.com.br\/blog\/plano-de-saude-individual\/\" target=\"_blank\" rel=\"noopener\"><span style=\"font-weight: 400;\">plano individual <\/span><\/a><span style=\"font-weight: 400;\">\u00e9 um plano adquirido diretamente por uma pessoa f\u00edsica, sem intermedia\u00e7\u00e3o de um empregador ou entidade de classe. Mesmo sendo um plano individual \u00e9 poss\u00edvel incluir dependentes &#8211; filhos e c\u00f4njuge &#8211; desde que esteja previsto no contrato<\/span><\/p>\n<ul>\n<li aria-level=\"1\"><b>Coletivo por Ades\u00e3o<\/b><\/li>\n<\/ul>\n<p><span style=\"font-weight: 400;\">Dedicados a pessoas que pertencem a uma entidade de classe ou associa\u00e7\u00f5es profissionais. Eles s\u00e3o ofertados por administradoras de sa\u00fade que te instruem qual entidade melhor se encaixa com sua profiss\u00e3o ou associa\u00e7\u00e3o e te conectam \u00e0s operadoras que ofertam esse tipo de modalidade de plano.\u00a0<\/span><\/p>\n<ul>\n<li aria-level=\"1\"><b>Empresarial<\/b><\/li>\n<\/ul>\n<p><span style=\"font-weight: 400;\">Um plano feito para os colaboradores de uma empresa. Os funcion\u00e1rios e seus dependentes passam a aproveitar da cobertura e dos benef\u00edcios, ap\u00f3s o in\u00edcio da vig\u00eancia.<\/span><\/p>\n<p><span style=\"font-weight: 400;\">Todos eles podem se diferenciar pelo tipo de atendimento, de acordo com as segmenta\u00e7\u00f5es: ambulatorial, hospitalar sem\/com obstetr\u00edcia. Al\u00e9m de poder ser com ou sem coparticipa\u00e7\u00e3o.<\/span><\/p>\n<p><span style=\"font-weight: 400;\">Com coparticipa\u00e7\u00e3o: valor adicional pago pelo consumidor \u00e0 operadora em raz\u00e3o de realiza\u00e7\u00e3o de um procedimento ou evento de sa\u00fade.<\/span><span style=\"font-weight: 400;\"><br \/>\n<\/span><span style=\"font-weight: 400;\">Sem coparticipa\u00e7\u00e3o: mensalidade fixa, sem cobran\u00e7as adicionais.<\/span><\/p>\n<h2><strong>Cota\u00e7\u00e3o facilitada para ter todos os benef\u00edcios de um plano de sa\u00fade\u00a0<\/strong><\/h2>\n<p><span style=\"font-weight: 400;\">Ent\u00e3o, seja para garantir mais bem-estar em tempos dif\u00edceis onde as mudan\u00e7as clim\u00e1ticas est\u00e3o aceleradas e sua sa\u00fade n\u00e3o consegue acompanhar, ou simplesmente para fugir das grandes filas de espera do SUS, um plano de sa\u00fade \u00e9 o seu melhor aliado sempre.\u00a0<\/span><\/p>\n<p><span style=\"font-weight: 400;\">A Simetria te mostra como \u00e9 f\u00e1cil escolher uma op\u00e7\u00e3o que te atende perfeitamente e que cabe no seu bolso. Junto de uma equipe de corretores altamente capacitada e treinada, as suas d\u00favidas se transformam em respostas em poucos minutos.<\/span><\/p>\n<p><span style=\"font-weight: 400;\">Experimente os benef\u00edcios de ter um plano de sa\u00fade de qualidade e coloque, de maneira pr\u00e1tica e r\u00e1pida, o seu bem-estar como prioridade. <\/span><span style=\"font-weight: 400;\"><br \/>\n<\/span><span style=\"font-weight: 400;\"><br \/>\n<\/span><span style=\"font-weight: 400;\"><a href=\"https:\/\/www.simetriaplanosdesaude.com.br\/solicite-seu-orcamento?origem=\" target=\"_blank\" rel=\"noopener\">Clique aqui<\/a> e fa\u00e7a uma cota\u00e7\u00e3o agora mesmo com a gente!<\/span><\/p>\n<p>&nbsp;<\/p>\n","protected":false},"excerpt":{"rendered":"<p>Em um mundo onde a sa\u00fade \u00e9 um bem cada vez mais precioso, virou uma necessidade aproveitar os benef\u00edcios de ter um plano de sa\u00fade de qualidade. Isso se tornou um investimento, digamos, obrigat\u00f3rio. Mas, voc\u00ea sabe porque \u00e9 t\u00e3o fundamental ter um plano de sa\u00fade? Estamos em uma sociedade acelerada que sofre com condi\u00e7\u00f5es [&hellip;]<\/p>\n","protected":false},"author":5,"featured_media":2448,"comment_status":"closed","ping_status":"closed","sticky":false,"template":"","format":"standard","meta":{"footnotes":""},"categories":[25,17],"tags":[65,67,68,66,51,28],"_links":{"self":[{"href":"https:\/\/www.simetriaplanosdesaude.com.br\/blog\/wp-json\/wp\/v2\/posts\/2447"}],"collection":[{"href":"https:\/\/www.simetriaplanosdesaude.com.br\/blog\/wp-json\/wp\/v2\/posts"}],"about":[{"href":"https:\/\/www.simetriaplanosdesaude.com.br\/blog\/wp-json\/wp\/v2\/types\/post"}],"author":[{"embeddable":true,"href":"https:\/\/www.simetriaplanosdesaude.com.br\/blog\/wp-json\/wp\/v2\/users\/5"}],"replies":[{"embeddable":true,"href":"https:\/\/www.simetriaplanosdesaude.com.br\/blog\/wp-json\/wp\/v2\/comments?post=2447"}],"version-history":[{"count":5,"href":"https:\/\/www.simetriaplanosdesaude.com.br\/blog\/wp-json\/wp\/v2\/posts\/2447\/revisions"}],"predecessor-version":[{"id":2494,"href":"https:\/\/www.simetriaplanosdesaude.com.br\/blog\/wp-json\/wp\/v2\/posts\/2447\/revisions\/2494"}],"wp:featuredmedia":[{"embeddable":true,"href":"https:\/\/www.simetriaplanosdesaude.com.br\/blog\/wp-json\/wp\/v2\/media\/2448"}],"wp:attachment":[{"href":"https:\/\/www.simetriaplanosdesaude.com.br\/blog\/wp-json\/wp\/v2\/media?parent=2447"}],"wp:term":[{"taxonomy":"category","embeddable":true,"href":"https:\/\/www.simetriaplanosdesaude.com.br\/blog\/wp-json\/wp\/v2\/categories?post=2447"},{"taxonomy":"post_tag","embeddable":true,"href":"https:\/\/www.simetriaplanosdesaude.com.br\/blog\/wp-json\/wp\/v2\/tags?post=2447"}],"curies":[{"name":"wp","href":"https:\/\/api.w.org\/{rel}","templated":true}]}}