{"id":2473,"date":"2024-10-28T12:24:52","date_gmt":"2024-10-28T15:24:52","guid":{"rendered":"https:\/\/www.simetriaplanosdesaude.com.br\/blog\/?p=2473"},"modified":"2024-11-26T16:45:11","modified_gmt":"2024-11-26T18:45:11","slug":"empreender-com-saude-os-beneficios-de-um-plano-para-mei","status":"publish","type":"post","link":"https:\/\/www.simetriaplanosdesaude.com.br\/blog\/empreender-com-saude-os-beneficios-de-um-plano-para-mei\/","title":{"rendered":"Empreender com sa\u00fade: os benef\u00edcios de um plano para MEI"},"content":{"rendered":"<p><img loading=\"lazy\" decoding=\"async\" class=\"alignnone size-medium wp-image-2474\" src=\"https:\/\/www.simetriaplanosdesaude.com.br\/blog\/wp-content\/uploads\/2024\/10\/Plano-de-saude-para-MEI-2-300x169.png\" alt=\"\" width=\"300\" height=\"169\" srcset=\"https:\/\/www.simetriaplanosdesaude.com.br\/blog\/wp-content\/uploads\/2024\/10\/Plano-de-saude-para-MEI-2-300x169.png 300w, https:\/\/www.simetriaplanosdesaude.com.br\/blog\/wp-content\/uploads\/2024\/10\/Plano-de-saude-para-MEI-2.png 768w\" sizes=\"(max-width: 300px) 100vw, 300px\" \/><\/p>\n<p><span style=\"font-weight: 400;\">Os Microempreendedores Individuais (MEIs) j\u00e1 representam uma parte relevante da sociedade. Segundo dados levantados pelo IBGE em 2022, o Brasil tinha cerca de 14,6 milh\u00f5es de trabalhadores nesta situa\u00e7\u00e3o, n\u00famero que correspondia a 18,8% do total de ocupados formais.<\/span><\/p>\n<p><span style=\"font-weight: 400;\">Com n\u00fameros t\u00e3o representativos, ficou evidente a necessidade de um plano de sa\u00fade para essa categoria. Foi assim que em 2018 a Ag\u00eancia Nacional de Sa\u00fade Suplementar (ANS) permitiu a contrata\u00e7\u00e3o de planos de sa\u00fade para MEIs.<\/span><\/p>\n<p><span style=\"font-weight: 400;\">Mas, cuidado! Existem algumas regras para ter o direito a um plano de sa\u00fade. Vamos listar?<\/span><\/p>\n<h2><span style=\"font-weight: 400;\">Quer contratar? Fique atento \u00e0s regras!<\/span><\/h2>\n<p><span style=\"font-weight: 400;\">Segundo a <\/span><a href=\"https:\/\/www.gov.br\/ans\/pt-br\/arquivos\/assuntos\/consumidor\/caminho-do-consumidor\/cartilha_empresario_individual_defeso.pdf\" target=\"_blank\" rel=\"noopener\"><span style=\"font-weight: 400;\">cartilha da ANS<\/span><\/a><span style=\"font-weight: 400;\">, a pessoa interessada precisa exercer uma atividade empresarial individualmente, estar inscrita no \u00f3rg\u00e3o competente e ter registro ativo perante a Receita Federal.<\/span><\/p>\n<p><span style=\"font-weight: 400;\">Al\u00e9m destes pr\u00e9-requisitos, o \u00f3rg\u00e3o exige o exerc\u00edcio de atividade empresarial pelo per\u00edodo m\u00ednimo de seis meses para a <a href=\"https:\/\/www.simetriaplanosdesaude.com.br\/blog\/como-escolher-o-melhor-plano-de-saude\/\" target=\"_blank\" rel=\"noopener\">contrata\u00e7\u00e3o do plano<\/a>. Esta documenta\u00e7\u00e3o precisa ser <\/span><span style=\"font-weight: 400;\">apresentada <\/span><span style=\"font-weight: 400;\">para a operadora de sa\u00fade no momento da contrata\u00e7\u00e3o do plano e a cada ano, no m\u00eas de anivers\u00e1rio do contrato.<\/span><\/p>\n<h2><span style=\"font-weight: 400;\">Por que contratar um plano de sa\u00fade?<\/span><\/h2>\n<p><span style=\"font-weight: 400;\">Todos esses processos devem valer a pena, certo? Claro que sim! Ent\u00e3o, vamos pontuar alguns dos benef\u00edcios de um plano de sa\u00fade para MEI?<\/span><\/p>\n<p><b>Acesso a cuidados m\u00e9dicos<\/b><span style=\"font-weight: 400;\">: Com um plano de sa\u00fade, voc\u00ea e quem trabalha contigo t\u00eam acesso a uma rede de m\u00e9dicos, hospitais e cl\u00ednicas de qualidade, com diversas op\u00e7\u00f5es de atendimento. Sendo assim, \u00e9 mais variedade com um n\u00edvel de cuidado elevado.<\/span><\/p>\n<p><b>Economia<\/b><span style=\"font-weight: 400;\">: um investimento certo para o seu bem-estar, enquanto MEI. A contrata\u00e7\u00e3o de um plano de sa\u00fade garante um leque mais acess\u00edvel para consultas, exames, interna\u00e7\u00f5es e\/ou cirurgias. Al\u00e9m disso, voc\u00ea estar\u00e1 resguardado em caso de imprevistos, evitando problemas futuros em rela\u00e7\u00e3o a sua planilha de gastos e gerando mais oportunidades de investimentos para o futuro.<\/span><\/p>\n<p><b>Aumento da produtividade<\/b><span style=\"font-weight: 400;\">: Mais saud\u00e1veis, tranquilos e com mais disposi\u00e7\u00e3o para trabalhar. Quem tem acesso a cuidados adequados garante uma produtividade em alta, sempre.<\/span><\/p>\n<p><b>Inclus\u00e3o de familiares:<\/b><span style=\"font-weight: 400;\"> segundo a cartilha da ANS, dependentes do empres\u00e1rio podem aderir \u00e0s vantagens da contrata\u00e7\u00e3o de um plano de sa\u00fade para MEI. Vale lembrar que os crit\u00e9rios de aceita\u00e7\u00e3o podem variar de acordo com cada operadora que fornece essa modalidade de plano.<\/span><\/p>\n<p><b>Comodidade e tranquilidade<\/b><span style=\"font-weight: 400;\">: aconteceu alguma coisa? Saiba que com o plano vigente voc\u00ea garante um tratamento adequado e tudo isso sem precisar das longas filas de espera do Sistema \u00danico de Sa\u00fade &#8211; o SUS.<\/span><\/p>\n<h2><span style=\"font-weight: 400;\">As melhores op\u00e7\u00f5es de planos de sa\u00fade para MEI do mercado!<\/span><\/h2>\n<p><span style=\"font-weight: 400;\">A Simetria atua ao lado das principais operadoras e administradoras de sa\u00fade, com planos super convidativos. Junto de uma equipe de corretores altamente capacitada e treinada, voc\u00ea \u00e9 conectado a empresas especializadas em oferecer um cuidado \u00fanico sob medida para suas necessidades.<\/span><\/p>\n<p><span style=\"font-weight: 400;\">As operadoras Amil e Aurora Sa\u00fade, por exemplo, t\u00eam registrado um volume mais expressivo de contrata\u00e7\u00f5es nesse segmento e podem oferecer o plano ideal para voc\u00ea, Microempreendedor Individual &#8211; MEI.<\/span><\/p>\n<p><span style=\"font-weight: 400;\">Experimente as maravilhas de ter um plano de sa\u00fade para MEI junto da Simetria! \u00a0\u00a0 \u00a0\u00a0<\/span><\/p>\n<p><span style=\"font-weight: 400;\"><a href=\"https:\/\/www.simetriaplanosdesaude.com.br\/solicite-seu-orcamento?origem=google\" target=\"_blank\" rel=\"noopener\">Clique aqui<\/a> e fa\u00e7a uma cota\u00e7\u00e3o agora mesmo com a gente!<\/span><\/p>\n","protected":false},"excerpt":{"rendered":"<p>Os Microempreendedores Individuais (MEIs) j\u00e1 representam uma parte relevante da sociedade. Segundo dados levantados pelo IBGE em 2022, o Brasil tinha cerca de 14,6 milh\u00f5es de trabalhadores nesta situa\u00e7\u00e3o, n\u00famero que correspondia a 18,8% do total de ocupados formais. Com n\u00fameros t\u00e3o representativos, ficou evidente a necessidade de um plano de sa\u00fade para essa categoria. [&hellip;]<\/p>\n","protected":false},"author":5,"featured_media":2474,"comment_status":"closed","ping_status":"closed","sticky":false,"template":"","format":"standard","meta":{"footnotes":""},"categories":[25,24,17],"tags":[75,69,76,77,28],"_links":{"self":[{"href":"https:\/\/www.simetriaplanosdesaude.com.br\/blog\/wp-json\/wp\/v2\/posts\/2473"}],"collection":[{"href":"https:\/\/www.simetriaplanosdesaude.com.br\/blog\/wp-json\/wp\/v2\/posts"}],"about":[{"href":"https:\/\/www.simetriaplanosdesaude.com.br\/blog\/wp-json\/wp\/v2\/types\/post"}],"author":[{"embeddable":true,"href":"https:\/\/www.simetriaplanosdesaude.com.br\/blog\/wp-json\/wp\/v2\/users\/5"}],"replies":[{"embeddable":true,"href":"https:\/\/www.simetriaplanosdesaude.com.br\/blog\/wp-json\/wp\/v2\/comments?post=2473"}],"version-history":[{"count":7,"href":"https:\/\/www.simetriaplanosdesaude.com.br\/blog\/wp-json\/wp\/v2\/posts\/2473\/revisions"}],"predecessor-version":[{"id":2498,"href":"https:\/\/www.simetriaplanosdesaude.com.br\/blog\/wp-json\/wp\/v2\/posts\/2473\/revisions\/2498"}],"wp:featuredmedia":[{"embeddable":true,"href":"https:\/\/www.simetriaplanosdesaude.com.br\/blog\/wp-json\/wp\/v2\/media\/2474"}],"wp:attachment":[{"href":"https:\/\/www.simetriaplanosdesaude.com.br\/blog\/wp-json\/wp\/v2\/media?parent=2473"}],"wp:term":[{"taxonomy":"category","embeddable":true,"href":"https:\/\/www.simetriaplanosdesaude.com.br\/blog\/wp-json\/wp\/v2\/categories?post=2473"},{"taxonomy":"post_tag","embeddable":true,"href":"https:\/\/www.simetriaplanosdesaude.com.br\/blog\/wp-json\/wp\/v2\/tags?post=2473"}],"curies":[{"name":"wp","href":"https:\/\/api.w.org\/{rel}","templated":true}]}}