{"id":2481,"date":"2024-11-25T12:52:11","date_gmt":"2024-11-25T14:52:11","guid":{"rendered":"https:\/\/www.simetriaplanosdesaude.com.br\/blog\/?p=2481"},"modified":"2024-11-26T17:08:24","modified_gmt":"2024-11-26T19:08:24","slug":"novembro-azul-quebrando-tabus-e-cuidando-da-saude-masculina","status":"publish","type":"post","link":"https:\/\/www.simetriaplanosdesaude.com.br\/blog\/novembro-azul-quebrando-tabus-e-cuidando-da-saude-masculina\/","title":{"rendered":"Novembro Azul: quebrando tabus e cuidando da sa\u00fade masculina"},"content":{"rendered":"<p><img loading=\"lazy\" decoding=\"async\" class=\"alignnone size-medium wp-image-2482\" src=\"https:\/\/www.simetriaplanosdesaude.com.br\/blog\/wp-content\/uploads\/2024\/11\/imagens_blog1-300x169.png\" alt=\"\" width=\"300\" height=\"169\" srcset=\"https:\/\/www.simetriaplanosdesaude.com.br\/blog\/wp-content\/uploads\/2024\/11\/imagens_blog1-300x169.png 300w, https:\/\/www.simetriaplanosdesaude.com.br\/blog\/wp-content\/uploads\/2024\/11\/imagens_blog1.png 768w\" sizes=\"(max-width: 300px) 100vw, 300px\" \/><\/p>\n<p><span style=\"font-weight: 400;\">O Novembro Azul \u00e9 uma a\u00e7\u00e3o essencial para refor\u00e7ar a import\u00e2ncia da sa\u00fade do homem, especialmente quando o tema \u00e9 a preven\u00e7\u00e3o e o combate ao c\u00e2ncer de pr\u00f3stata. Essa campanha mundial, al\u00e9m de alertar sobre uma doen\u00e7a que, de acordo com o Instituto Nacional de C\u00e2ncer (INCA), estimam-se 71.730 novos casos por ano para o tri\u00eanio 2023-2025, busca tamb\u00e9m quebrar o preconceito e estimular a conscientiza\u00e7\u00e3o sobre a import\u00e2ncia dos cuidados com a sa\u00fade.\u00a0<\/span><\/p>\n<p><span style=\"font-weight: 400;\">Abaixo, abordaremos dados atualizados, informa\u00e7\u00f5es essenciais sobre o c\u00e2ncer de pr\u00f3stata e dicas para a sa\u00fade do homem de forma geral.<\/span><\/p>\n<h3><b>A rela\u00e7\u00e3o do homem com a sa\u00fade e a import\u00e2ncia da preven\u00e7\u00e3o<\/b><\/h3>\n<p><span style=\"font-weight: 400;\">Tradicionalmente, muitos homens evitam consultas e exames de rotina, por receio, preconceito ou at\u00e9 mesmo pela cren\u00e7a de que \u201cn\u00e3o \u00e9 necess\u00e1rio\u201d at\u00e9 que sintomas mais graves apare\u00e7am. Essa rela\u00e7\u00e3o distante com o autocuidado pode trazer consequ\u00eancias s\u00e9rias e evitar que doen\u00e7as como c\u00e2ncer de pr\u00f3stata sejam detectadas em est\u00e1gios iniciais, quando h\u00e1 mais chances de sucesso no tratamento.<\/span><\/p>\n<h3><b>Principais desafios na sa\u00fade masculina<\/b><\/h3>\n<p><span style=\"font-weight: 400;\">Os desafios enfrentados pelos homens ao terem que lidar com a pr\u00f3pria sa\u00fade s\u00e3o muitos. Ent\u00e3o, veja os principais abaixo:<\/span><\/p>\n<ul>\n<li style=\"font-weight: 400;\" aria-level=\"1\"><b>Preconceitos culturais:<\/b><span style=\"font-weight: 400;\"> alguns homens ainda associam exames como o de toque retal a quest\u00f5es de masculinidade.\u00a0<\/span><\/li>\n<li style=\"font-weight: 400;\" aria-level=\"1\"><b>Medo de diagn\u00f3sticos:<\/b><span style=\"font-weight: 400;\"> o temor de descobrir problemas de sa\u00fade faz com que muitos evitem consultas.<\/span><\/li>\n<li style=\"font-weight: 400;\" aria-level=\"1\"><b>Falta de informa\u00e7\u00e3o:<\/b><span style=\"font-weight: 400;\"> muitos desconhecem os exames essenciais para manter uma boa sa\u00fade e o impacto da preven\u00e7\u00e3o.<\/span><\/li>\n<\/ul>\n<h3><span style=\"font-weight: 400;\">Por isso, campanhas como o Novembro Azul s\u00e3o t\u00e3o importantes para reverter essa realidade e estimular uma nova perspectiva sobre cuidados com a sa\u00fade masculina.<br \/>\n<\/span><span style=\"font-weight: 400;\"><br \/>\n<\/span><b>Novembro Azul: o que \u00e9 e qual a sua import\u00e2ncia?<\/b><\/h3>\n<p><span style=\"font-weight: 400;\">Esse movimento surgiu na Austr\u00e1lia, em 2003, e rapidamente se espalhou para o mundo inteiro. Durante o m\u00eas de novembro, o objetivo \u00e9 conscientizar a popula\u00e7\u00e3o masculina sobre a necessidade de preven\u00e7\u00e3o, promovendo campanhas de orienta\u00e7\u00e3o e incentivo \u00e0 realiza\u00e7\u00e3o dos exames de rotina, especialmente o exame de toque, indispens\u00e1vel para a detec\u00e7\u00e3o precoce do c\u00e2ncer de pr\u00f3stata.\u00a0<\/span><\/p>\n<p><span style=\"font-weight: 400;\">Segundo o Minist\u00e9rio da Sa\u00fade, o c\u00e2ncer de pr\u00f3stata \u00e9 o segundo tipo mais comum entre os homens no Brasil, ficando atr\u00e1s apenas do c\u00e2ncer de pele n\u00e3o melanoma. A cada ano, cerca de <\/span><a href=\"https:\/\/www.gov.br\/ans\/pt-br\/assuntos\/noticias\/beneficiario\/novembro-azul-ans-reforca-a-importancia-da-prevencao-do-cancer-de-prostata\" target=\"_blank\" rel=\"noopener\"><span style=\"font-weight: 400;\">68 mil novos casos s\u00e3o diagnosticados no pa\u00eds<\/span><\/a><span style=\"font-weight: 400;\">, o que refor\u00e7a a import\u00e2ncia de campanhas de conscientiza\u00e7\u00e3o e preven\u00e7\u00e3o.\u00a0<\/span><\/p>\n<h3><b>C\u00e2ncer de pr\u00f3stata: o que \u00e9 e como prevenir<\/b><\/h3>\n<p><span style=\"font-weight: 400;\">Ele ocorre quando as c\u00e9lulas da pr\u00f3stata, uma pequena gl\u00e2ndula do sistema reprodutor masculino, passam a se multiplicar de maneira descontrolada. Este tipo de c\u00e2ncer geralmente apresenta crescimento lento, mas alguns casos podem ser agressivos, o que torna a detec\u00e7\u00e3o precoce fundamental para garantir a efic\u00e1cia do tratamento.\u00a0<\/span><\/p>\n<h3><b>Principais fatores de risco:<\/b><\/h3>\n<ul>\n<li style=\"font-weight: 400;\" aria-level=\"1\"><b>Idade:<\/b><span style=\"font-weight: 400;\"> homens acima de 50 anos t\u00eam maior propens\u00e3o a desenvolver a doen\u00e7a.<\/span><\/li>\n<li style=\"font-weight: 400;\" aria-level=\"1\"><b>Hist\u00f3rico familiar: <\/b><span style=\"font-weight: 400;\">pessoas com parentes de primeiro grau que j\u00e1 tiveram c\u00e2ncer, devem ficar atentos a quest\u00f5es que favorecem a evolu\u00e7\u00e3o da doen\u00e7a.<\/span><\/li>\n<li style=\"font-weight: 400;\" aria-level=\"1\"><b>Dieta rica em gorduras:<\/b><span style=\"font-weight: 400;\"> alimenta\u00e7\u00e3o n\u00e3o balanceada pode influenciar no surgimento do c\u00e2ncer.\u00a0<\/span><\/li>\n<\/ul>\n<h3><b>Sinais de alerta<\/b><\/h3>\n<p><span style=\"font-weight: 400;\">No est\u00e1gio inicial, o c\u00e2ncer de pr\u00f3stata pode ser assintom\u00e1tico, ou seja, n\u00e3o apresentar sintomas evidentes. Nos casos mais avan\u00e7ados, os sintomas podem incluir:<\/span><\/p>\n<ul>\n<li style=\"font-weight: 400;\" aria-level=\"1\"><span style=\"font-weight: 400;\">Dificuldades para urinar;<\/span><\/li>\n<li style=\"font-weight: 400;\" aria-level=\"1\"><span style=\"font-weight: 400;\">Necessidade de urinar com mais frequ\u00eancia;<\/span><\/li>\n<li style=\"font-weight: 400;\" aria-level=\"1\"><span style=\"font-weight: 400;\">Presen\u00e7a de sangue na urina ou no s\u00eamen;<\/span><\/li>\n<li style=\"font-weight: 400;\" aria-level=\"1\"><span style=\"font-weight: 400;\">Dor nos ossos (em casos mais graves).<\/span><\/li>\n<\/ul>\n<p><span style=\"font-weight: 400;\">Esses sintomas n\u00e3o s\u00e3o exclusivos do c\u00e2ncer de pr\u00f3stata e podem estar relacionados\u00a0 a outros problemas de sa\u00fade, por isso \u00e9 essencial que os exames preventivos sejam realizados.<\/span><\/p>\n<h3><b>Exames de rotina: quais s\u00e3o necess\u00e1rios e quando fazer?<\/b><\/h3>\n<p><span style=\"font-weight: 400;\">A preven\u00e7\u00e3o \u00e9 a melhor forma de evitar o avan\u00e7o da doen\u00e7a e os exames de rotina s\u00e3o cruciais. O Novembro Azul incentiva a realiza\u00e7\u00e3o dos seguintes:<\/span><\/p>\n<ul>\n<li style=\"list-style-type: none;\">\n<ul>\n<li style=\"font-weight: 400;\" aria-level=\"1\"><b>Toque retal:<\/b><span style=\"font-weight: 400;\"> exame r\u00e1pido, indolor e essencial para verificar anomalias na pr\u00f3stata.<\/span><\/li>\n<li style=\"font-weight: 400;\" aria-level=\"1\"><b>PSA (Ant\u00edgeno Prost\u00e1tico Espec\u00edfico):<\/b><span style=\"font-weight: 400;\"> exame de sangue que mede o n\u00edvel dessa prote\u00edna, usada para monitorar a sa\u00fade da pr\u00f3stata.\u00a0<\/span><\/li>\n<li style=\"font-weight: 400;\" aria-level=\"1\"><b>Ultrassonografia da pr\u00f3stata: <\/b><span style=\"font-weight: 400;\">indicado quando h\u00e1 altera\u00e7\u00f5es nos exames de toque retal e PSA.\u00a0<\/span><\/li>\n<\/ul>\n<\/li>\n<\/ul>\n<h3><b>Cuidados completos para a sa\u00fade do homem<\/b><\/h3>\n<p><span style=\"font-weight: 400;\">Al\u00e9m dos exames preventivos para o c\u00e2ncer de pr\u00f3stata, a sa\u00fade masculina exige aten\u00e7\u00e3o em diversos aspectos. Abaixo, listamos cuidados fundamentais para uma vida mais saud\u00e1vel, como:<\/span><\/p>\n<ul>\n<li style=\"font-weight: 400;\" aria-level=\"1\"><span style=\"font-weight: 400;\">Praticar exerc\u00edcios f\u00edsicos regularmente;<\/span><\/li>\n<li style=\"font-weight: 400;\" aria-level=\"1\"><span style=\"font-weight: 400;\">Evitar o consumo de bebidas alco\u00f3licas e de cigarros;<\/span><\/li>\n<li style=\"font-weight: 400;\" aria-level=\"1\"><span style=\"font-weight: 400;\">Dormir bem;<\/span><\/li>\n<li style=\"font-weight: 400;\" aria-level=\"1\"><span style=\"font-weight: 400;\">Cuidar da sa\u00fade mental.<\/span><\/li>\n<\/ul>\n<h2><b>Dados atualizados do Novembro Azul\u00a0<\/b><\/h2>\n<p><span style=\"font-weight: 400;\">Segundo o Minist\u00e9rio da Sa\u00fade, cerca de 42% dos homens brasileiros nunca realizaram um exame preventivo para o c\u00e2ncer de pr\u00f3stata. Em 2024, a campanha do Novembro Azul visa aumentar o n\u00famero de atendimentos e exames preventivos<strong> em 20%<\/strong> com diversas a\u00e7\u00f5es de conscientiza\u00e7\u00e3o e parcerias com empresas e planos de sa\u00fade.\u00a0<\/span><\/p>\n<p><span style=\"font-weight: 400;\">Com tudo o que foi dito, podemos observar que essa campanha refor\u00e7a a import\u00e2ncia do autocuidado e do bem-estar masculino. Quebrar os preconceitos em rela\u00e7\u00e3o aos exames e conscientizar as pessoas sobre essa doen\u00e7a s\u00e3o passos essenciais para que cada vez mais homens realizem seus exames de rotina, mantendo uma vida saud\u00e1vel e equilibrada.<\/span><\/p>\n<p><span style=\"font-weight: 400;\">Se voc\u00ea ainda <\/span><a href=\"https:\/\/www.simetriaplanosdesaude.com.br\/blog\/ter-um-plano-de-saude-e-realmente-necessario\/\" target=\"_blank\" rel=\"noopener\"><span style=\"font-weight: 400;\">n\u00e3o possui um plano de sa\u00fade <\/span><\/a><span style=\"font-weight: 400;\">ou deseja entender melhor as op\u00e7\u00f5es dispon\u00edveis, a Simetria pode te ajudar a encontrar o plano ideal.<\/span><\/p>\n<p><span style=\"font-weight: 400;\">Garanta sua sa\u00fade e a de sua fam\u00edlia com planos que oferecem acompanhamento m\u00e9dico de qualidade. Clique<a href=\"https:\/\/www.simetriaplanosdesaude.com.br\/solicite-seu-orcamento\"> aqui<\/a> ou fale agora pelo WhatsApp (31)98479-8902 e conhe\u00e7a nossas solu\u00e7\u00f5es personalizadas.<\/span><\/p>\n<p>&nbsp;<\/p>\n","protected":false},"excerpt":{"rendered":"<p>O Novembro Azul \u00e9 uma a\u00e7\u00e3o essencial para refor\u00e7ar a import\u00e2ncia da sa\u00fade do homem, especialmente quando o tema \u00e9 a preven\u00e7\u00e3o e o combate ao c\u00e2ncer de pr\u00f3stata. Essa campanha mundial, al\u00e9m de alertar sobre uma doen\u00e7a que, de acordo com o Instituto Nacional de C\u00e2ncer (INCA), estimam-se 71.730 novos casos por ano para [&hellip;]<\/p>\n","protected":false},"author":5,"featured_media":2482,"comment_status":"closed","ping_status":"closed","sticky":false,"template":"","format":"standard","meta":{"footnotes":""},"categories":[18,17,78],"tags":[55,69,79],"_links":{"self":[{"href":"https:\/\/www.simetriaplanosdesaude.com.br\/blog\/wp-json\/wp\/v2\/posts\/2481"}],"collection":[{"href":"https:\/\/www.simetriaplanosdesaude.com.br\/blog\/wp-json\/wp\/v2\/posts"}],"about":[{"href":"https:\/\/www.simetriaplanosdesaude.com.br\/blog\/wp-json\/wp\/v2\/types\/post"}],"author":[{"embeddable":true,"href":"https:\/\/www.simetriaplanosdesaude.com.br\/blog\/wp-json\/wp\/v2\/users\/5"}],"replies":[{"embeddable":true,"href":"https:\/\/www.simetriaplanosdesaude.com.br\/blog\/wp-json\/wp\/v2\/comments?post=2481"}],"version-history":[{"count":12,"href":"https:\/\/www.simetriaplanosdesaude.com.br\/blog\/wp-json\/wp\/v2\/posts\/2481\/revisions"}],"predecessor-version":[{"id":2496,"href":"https:\/\/www.simetriaplanosdesaude.com.br\/blog\/wp-json\/wp\/v2\/posts\/2481\/revisions\/2496"}],"wp:featuredmedia":[{"embeddable":true,"href":"https:\/\/www.simetriaplanosdesaude.com.br\/blog\/wp-json\/wp\/v2\/media\/2482"}],"wp:attachment":[{"href":"https:\/\/www.simetriaplanosdesaude.com.br\/blog\/wp-json\/wp\/v2\/media?parent=2481"}],"wp:term":[{"taxonomy":"category","embeddable":true,"href":"https:\/\/www.simetriaplanosdesaude.com.br\/blog\/wp-json\/wp\/v2\/categories?post=2481"},{"taxonomy":"post_tag","embeddable":true,"href":"https:\/\/www.simetriaplanosdesaude.com.br\/blog\/wp-json\/wp\/v2\/tags?post=2481"}],"curies":[{"name":"wp","href":"https:\/\/api.w.org\/{rel}","templated":true}]}}