{"id":2535,"date":"2025-01-30T14:32:21","date_gmt":"2025-01-30T16:32:21","guid":{"rendered":"https:\/\/www.simetriaplanosdesaude.com.br\/blog\/?p=2535"},"modified":"2025-01-30T14:42:24","modified_gmt":"2025-01-30T16:42:24","slug":"janeiro-branco-um-mes-de-reflexao-e-cuidado-com-saude-mental","status":"publish","type":"post","link":"https:\/\/www.simetriaplanosdesaude.com.br\/blog\/janeiro-branco-um-mes-de-reflexao-e-cuidado-com-saude-mental\/","title":{"rendered":"Janeiro Branco: um m\u00eas de reflex\u00e3o e cuidado com a sa\u00fade mental"},"content":{"rendered":"<p data-pm-slice=\"1 1 []\"><img loading=\"lazy\" decoding=\"async\" class=\"alignnone size-medium wp-image-2536\" src=\"https:\/\/www.simetriaplanosdesaude.com.br\/blog\/wp-content\/uploads\/2025\/01\/imagens_blog1-300x169.png\" alt=\"\" width=\"300\" height=\"169\" srcset=\"https:\/\/www.simetriaplanosdesaude.com.br\/blog\/wp-content\/uploads\/2025\/01\/imagens_blog1-300x169.png 300w, https:\/\/www.simetriaplanosdesaude.com.br\/blog\/wp-content\/uploads\/2025\/01\/imagens_blog1.png 768w\" sizes=\"(max-width: 300px) 100vw, 300px\" \/><\/p>\n<p data-pm-slice=\"1 1 []\">O in\u00edcio de um novo ano \u00e9 o momento perfeito para refletirmos sobre nossa sa\u00fade e bem-estar. Por isso, a campanha Janeiro Branco, criada em 2014 pelo psic\u00f3logo, palestrante e escritor mineiro Leonardo Abrah\u00e3o, surge como um convite \u00e0 conscientiza\u00e7\u00e3o sobre a sa\u00fade mental e sua import\u00e2ncia em nossas vidas.<\/p>\n<p>Mas o que \u00e9 esse movimento e como ele se conecta \u00e0 atua\u00e7\u00e3o da Simetria, especialista em corretagem de planos de sa\u00fade e odontol\u00f3gicos? \u00c9 exatamente isso que vamos te mostrar neste artigo.<\/p>\n<h2>O que \u00e9 Janeiro Branco?<\/h2>\n<p>Com campanhas educativas e mobiliza\u00e7\u00f5es sociais, o movimento Janeiro Branco busca quebrar estigmas relacionados \u00e0 sa\u00fade mental. Al\u00e9m disso, ele refor\u00e7a que o conforto emocional \u00e9 essencial para uma vida plena e saud\u00e1vel.<\/p>\n<h2>A import\u00e2ncia de um plano de sa\u00fade de qualidade<\/h2>\n<p>Ter acesso a <a href=\"https:\/\/www.simetriaplanosdesaude.com.br\/blog\/ter-um-plano-de-saude-e-realmente-necessario\/\">um bom plano de sa\u00fade pode fazer toda a diferen\u00e7a<\/a> na jornada de cuidado com a sa\u00fade mental. Afinal, muitos planos oferecem cobertura para atendimentos psicol\u00f3gicos e psiqui\u00e1tricos, consultas com nutricionistas, terapias complementares e at\u00e9 programas de promo\u00e7\u00e3o do bem-estar.<\/p>\n<p>Dessa forma, a Simetria trabalha para conectar voc\u00ea \u00e0s melhores op\u00e7\u00f5es do mercado, garantindo que sua sa\u00fade f\u00edsica e mental sejam sempre prioridades.<\/p>\n<h2>O cen\u00e1rio da sa\u00fade mental no Brasil<\/h2>\n<p>De acordo com a Organiza\u00e7\u00e3o Mundial da Sa\u00fade (OMS), no primeiro ano da pandemia de Covid-19, a depress\u00e3o e a ansiedade aumentaram mais de 25%. Al\u00e9m disso, um estudo do Minist\u00e9rio da Sa\u00fade revela que, em m\u00e9dia, at\u00e9 <a href=\"https:\/\/www.gov.br\/ans\/pt-br\/assuntos\/noticias\/sobre-ans\/janeirobranco-ans-valoriza-os-cuidados-com-a-saude-mental-e-emocional\">15,5% da popula\u00e7\u00e3o brasileira pode sofrer de depress\u00e3o ao menos uma vez na vida.<\/a><\/p>\n<p>Atualmente, o Brasil \u00e9 o pa\u00eds com maior preval\u00eancia de depress\u00e3o na Am\u00e9rica Latina e o segundo entre as Am\u00e9ricas, segundo a OMS. Esse crescimento est\u00e1 diretamente relacionado \u00e0 carga de atividades da vida contempor\u00e2nea e \u00e0 constante exposi\u00e7\u00e3o a informa\u00e7\u00f5es impactantes no dia a dia.<\/p>\n<h2>Pr\u00e1ticas que podem ajudar na sa\u00fade mental<\/h2>\n<p>Cuidar da mente \u00e9 t\u00e3o importante quanto cuidar do corpo. Por esse motivo, algumas pr\u00e1ticas podem contribuir significativamente para o equil\u00edbrio emocional e o bem-estar. Veja algumas delas:<\/p>\n<h3>1. Terapia<\/h3>\n<p>Sem d\u00favida, consultas com psic\u00f3logos ajudam a compreender e lidar com emo\u00e7\u00f5es e situa\u00e7\u00f5es desafiadoras.<\/p>\n<h3>2. Exerc\u00edcios f\u00edsicos<\/h3>\n<p>Atividades como caminhada, ioga ou dan\u00e7a estimulam a libera\u00e7\u00e3o de endorfina. Dessa forma, promovem bem-estar e aliviam o estresse.<\/p>\n<h3>3. Medita\u00e7\u00e3o<\/h3>\n<p>T\u00e9cnicas de relaxamento s\u00e3o extremamente eficazes para reduzir a ansiedade e aumentar a concentra\u00e7\u00e3o.<\/p>\n<h3>4. Alimenta\u00e7\u00e3o balanceada<\/h3>\n<p>Manter uma dieta rica em nutrientes contribui para o equil\u00edbrio f\u00edsico e emocional. Afinal, o que comemos impacta diretamente nossa sa\u00fade mental.<\/p>\n<h3>5. Momentos de lazer<\/h3>\n<p>Al\u00e9m disso, conectar-se com hobbies ou estar com pessoas queridas ajuda a aliviar o estresse e melhora a qualidade de vida.<\/p>\n<h2>Cuide da sua sa\u00fade mental com a Simetria<\/h2>\n<p>O Janeiro Branco \u00e9 um lembrete de que todos n\u00f3s merecemos aten\u00e7\u00e3o e cuidado. Por isso, a Simetria est\u00e1 aqui para ajudar voc\u00ea a encontrar o plano de sa\u00fade ideal, com cobertura para atendimentos psicol\u00f3gicos e outros servi\u00e7os essenciais para melhorar sua qualidade de vida.<\/p>\n<p>Ent\u00e3o, fa\u00e7a de 2025 o ano do autocuidado! Solicite uma cota\u00e7\u00e3o com nossos corretores pelo WhatsApp (31) 98479-8902 e descubra como podemos te ajudar a come\u00e7ar o ano com o p\u00e9 direito!<\/p>\n<p>&nbsp;<\/p>\n","protected":false},"excerpt":{"rendered":"<p>O in\u00edcio de um novo ano \u00e9 o momento perfeito para refletirmos sobre nossa sa\u00fade e bem-estar. Por isso, a campanha Janeiro Branco, criada em 2014 pelo psic\u00f3logo, palestrante e escritor mineiro Leonardo Abrah\u00e3o, surge como um convite \u00e0 conscientiza\u00e7\u00e3o sobre a sa\u00fade mental e sua import\u00e2ncia em nossas vidas. Mas o que \u00e9 esse [&hellip;]<\/p>\n","protected":false},"author":5,"featured_media":2536,"comment_status":"closed","ping_status":"closed","sticky":false,"template":"","format":"standard","meta":{"footnotes":""},"categories":[21],"tags":[],"_links":{"self":[{"href":"https:\/\/www.simetriaplanosdesaude.com.br\/blog\/wp-json\/wp\/v2\/posts\/2535"}],"collection":[{"href":"https:\/\/www.simetriaplanosdesaude.com.br\/blog\/wp-json\/wp\/v2\/posts"}],"about":[{"href":"https:\/\/www.simetriaplanosdesaude.com.br\/blog\/wp-json\/wp\/v2\/types\/post"}],"author":[{"embeddable":true,"href":"https:\/\/www.simetriaplanosdesaude.com.br\/blog\/wp-json\/wp\/v2\/users\/5"}],"replies":[{"embeddable":true,"href":"https:\/\/www.simetriaplanosdesaude.com.br\/blog\/wp-json\/wp\/v2\/comments?post=2535"}],"version-history":[{"count":5,"href":"https:\/\/www.simetriaplanosdesaude.com.br\/blog\/wp-json\/wp\/v2\/posts\/2535\/revisions"}],"predecessor-version":[{"id":2541,"href":"https:\/\/www.simetriaplanosdesaude.com.br\/blog\/wp-json\/wp\/v2\/posts\/2535\/revisions\/2541"}],"wp:featuredmedia":[{"embeddable":true,"href":"https:\/\/www.simetriaplanosdesaude.com.br\/blog\/wp-json\/wp\/v2\/media\/2536"}],"wp:attachment":[{"href":"https:\/\/www.simetriaplanosdesaude.com.br\/blog\/wp-json\/wp\/v2\/media?parent=2535"}],"wp:term":[{"taxonomy":"category","embeddable":true,"href":"https:\/\/www.simetriaplanosdesaude.com.br\/blog\/wp-json\/wp\/v2\/categories?post=2535"},{"taxonomy":"post_tag","embeddable":true,"href":"https:\/\/www.simetriaplanosdesaude.com.br\/blog\/wp-json\/wp\/v2\/tags?post=2535"}],"curies":[{"name":"wp","href":"https:\/\/api.w.org\/{rel}","templated":true}]}}