{"id":338,"date":"2019-06-20T10:45:06","date_gmt":"2019-06-20T13:45:06","guid":{"rendered":"https:\/\/www.simetriaplanosdesaude.com.br\/blog\/?p=338"},"modified":"2021-06-22T12:37:42","modified_gmt":"2021-06-22T15:37:42","slug":"tabela-de-precos-plano-de-saude","status":"publish","type":"post","link":"https:\/\/www.simetriaplanosdesaude.com.br\/blog\/tabela-de-precos-plano-de-saude\/","title":{"rendered":"Tabelas de Pre\u00e7os 2020: Planos de Sa\u00fade [Amil e Bradesco]"},"content":{"rendered":"<p>A<strong> contrata\u00e7\u00e3o de um <a href=\"https:\/\/www.simetriaplanosdesaude.com.br\/\">plano de sa\u00fade<\/a>, seja empresarial, individual ou familiar<\/strong> \u00e9 a seguran\u00e7a de que voc\u00ea ter\u00e1 o <strong>suporte necess\u00e1rio nas situa\u00e7\u00f5es mais delicadas e urgentes de sua vida e familiares<\/strong>.<\/p>\n<p>As op\u00e7\u00f5es de <a href=\"https:\/\/www.simetriaplanosdesaude.com.br\/plano-de-saude-bh\">planos de sa\u00fade em Belo Horizonte<\/a> s\u00e3o vastas e \u00e9 por esse motivo que este conte\u00fado \u00e9 essencial para voc\u00ea entender cada tipo de plano e modalidade de contrata\u00e7\u00e3o.<\/p>\n<p>Neste artigo confira as tabelas de pre\u00e7os dos <a href=\"https:\/\/www.simetriaplanosdesaude.com.br\/blog\/melhores-planos-de-saude\/\">melhores <strong>planos de sa\u00fade<\/strong><\/a> do Brasil e descubra qual o<strong> plano <\/strong>se encaixa melhor \u00e0s <strong>suas necessidades (sem pesar seu bolso).<\/strong><\/p>\n<blockquote><p>A sa\u00fade vem em primeiro lugar e atualmente \u00e9 poss\u00edvel estar assegurado mesmo sem ter um grande or\u00e7amento para isso.<\/p><\/blockquote>\n<h2>Quanto custa um plano de sa\u00fade?<\/h2>\n<p>Segundo a ANS, o <a href=\"https:\/\/www.simetriaplanosdesaude.com.br\/blog\/preco-planos-de-saude\/\">pre\u00e7o m\u00e9dio de um plano de sa\u00fade<\/a> \u00e9 de R$ 600.<\/p>\n<p>J\u00e1 para a terceira idade, o pre\u00e7o do plano de sa\u00fade pode chegar a mais de R$900.<\/p>\n<p>Os<strong> valores de planos de sa\u00fade variam<\/strong> conforme:<\/p>\n<ul>\n<li>faixa et\u00e1ria<\/li>\n<li>n\u00famero de benef\u00edcios na empresa, em caso de plano empresarial<\/li>\n<li>tipo de interna\u00e7\u00e3o (quarto compartilhado ou quarto individual)<\/li>\n<li>\u00e1rea de abrang\u00eancia (plano com atendimento m\u00e9dico em todo o pa\u00eds \u00e9 mais caro do que um plano com atendimento regional)<\/li>\n<li>cobertura<\/li>\n<li>com coparticipa\u00e7\u00e3o ou sem coparticipa\u00e7\u00e3o, sendo poss\u00edvel escolher o percentual de participa\u00e7\u00e3o ou optar por um plano que n\u00e3o taxa extra)<\/li>\n<li>com ou sem reembolso<\/li>\n<\/ul>\n<h2>Pre\u00e7os dos melhores planos de sa\u00fade<\/h2>\n<p>N\u00f3s da <strong>Simetria Planos de Sa\u00fade atuamos h\u00e1 mais de 25 anos<\/strong> e nos orgulhamos em ter como MISS\u00c3O sermos <strong>a melhor corretora de Minas Gerais em qualidade e efici\u00eancia<\/strong>, por meio de relacionamentos transparentes e foco total nas equipes e nos parceiros.<\/p>\n<p>Essas condi\u00e7\u00f5es nos garantem <strong>parcerias com operadoras<\/strong> que oferecem os <strong>melhores planos para a sua sa\u00fade<\/strong>.<\/p>\n<p>Ent\u00e3o, indicaremos neste conte\u00fado SOMENTE as melhores <a href=\"https:\/\/www.simetriaplanosdesaude.com.br\/operadoras-de-planos-de-saude\">operadoras de planos de sa\u00fade<\/a> para voc\u00ea pesquisar e fazer cota\u00e7\u00e3o.\u00a0 Confira abaixo as tabelas de pre\u00e7os dos planos de sa\u00fade Amil e Bradesco:<\/p>\n<h2><strong>Tabela de pre\u00e7o do plano de sa\u00fade Amil\u00a0<\/strong><\/h2>\n<p>Veja na imagem abaixo a tabela de pre\u00e7os do plano de sa\u00fade Amil em todo territ\u00f3rio nacional:<\/p>\n<p><img loading=\"lazy\" decoding=\"async\" class=\"aligncenter size-full wp-image-689\" src=\"https:\/\/www.simetriaplanosdesaude.com.br\/blog\/wp-content\/uploads\/2019\/06\/tabela-de-referencia-plano-de-saude-amil.png\" alt=\"Tabela de pre\u00e7o do plano de sa\u00fade Amil\u00a0\" width=\"603\" height=\"364\" srcset=\"https:\/\/www.simetriaplanosdesaude.com.br\/blog\/wp-content\/uploads\/2019\/06\/tabela-de-referencia-plano-de-saude-amil.png 603w, https:\/\/www.simetriaplanosdesaude.com.br\/blog\/wp-content\/uploads\/2019\/06\/tabela-de-referencia-plano-de-saude-amil-300x181.png 300w\" sizes=\"(max-width: 603px) 100vw, 603px\" \/><\/p>\n<h2><strong>Tabela de pre\u00e7o do plano de sa\u00fade Bradesco<\/strong><\/h2>\n<p>Veja na imagem abaixo a tabela de pre\u00e7os do <a href=\"https:\/\/www.simetriaplanosdesaude.com.br\/blog\/bradesco-mg\/\">plano de sa\u00fade Bradesco em Minas Gerais<\/a>:<\/p>\n<p><img loading=\"lazy\" decoding=\"async\" class=\"aligncenter size-large wp-image-690\" src=\"https:\/\/www.simetriaplanosdesaude.com.br\/blog\/wp-content\/uploads\/2019\/06\/tabela-de-referencia-plano-de-saude-bradesco-1024x518.png\" alt=\"Tabela de pre\u00e7o do plano de sa\u00fade Bradesco\" width=\"760\" height=\"384\" srcset=\"https:\/\/www.simetriaplanosdesaude.com.br\/blog\/wp-content\/uploads\/2019\/06\/tabela-de-referencia-plano-de-saude-bradesco-1024x518.png 1024w, https:\/\/www.simetriaplanosdesaude.com.br\/blog\/wp-content\/uploads\/2019\/06\/tabela-de-referencia-plano-de-saude-bradesco-300x152.png 300w, https:\/\/www.simetriaplanosdesaude.com.br\/blog\/wp-content\/uploads\/2019\/06\/tabela-de-referencia-plano-de-saude-bradesco-768x388.png 768w, https:\/\/www.simetriaplanosdesaude.com.br\/blog\/wp-content\/uploads\/2019\/06\/tabela-de-referencia-plano-de-saude-bradesco.png 1038w\" sizes=\"(max-width: 760px) 100vw, 760px\" \/><\/p>\n<h2><strong>Tabela de pre\u00e7o do plano de sa\u00fade Promed Empresarial<\/strong><\/h2>\n<p>Veja na imagem abaixo a tabela de pre\u00e7os do plano de sa\u00fade <a href=\"https:\/\/www.simetriaplanosdesaude.com.br\/blog\/promed-empresarial\/\">Promed empresarial<\/a>:<\/p>\n<p><img loading=\"lazy\" decoding=\"async\" class=\"aligncenter size-full wp-image-1211\" src=\"https:\/\/www.simetriaplanosdesaude.com.br\/blog\/wp-content\/uploads\/2019\/06\/plano-promed-empresarial.png\" alt=\"Tabela de pre\u00e7o do plano de sa\u00fade Promed Empresarial\" width=\"867\" height=\"274\" srcset=\"https:\/\/www.simetriaplanosdesaude.com.br\/blog\/wp-content\/uploads\/2019\/06\/plano-promed-empresarial.png 867w, https:\/\/www.simetriaplanosdesaude.com.br\/blog\/wp-content\/uploads\/2019\/06\/plano-promed-empresarial-300x95.png 300w, https:\/\/www.simetriaplanosdesaude.com.br\/blog\/wp-content\/uploads\/2019\/06\/plano-promed-empresarial-768x243.png 768w\" sizes=\"(max-width: 867px) 100vw, 867px\" \/><\/p>\n<h2 style=\"text-align: left;\"><strong>Como contratar um plano de sa\u00fade?<\/strong><\/h2>\n<p style=\"text-align: left;\">Investir em um plano \u00e9 uma forma de garantir uma prote\u00e7\u00e3o e cuidado extra com quem ama. Procure a melhor empresa para auxili\u00e1-lo neste processo de escolha: a <a href=\"https:\/\/www.simetriaplanosdesaude.com.br\/\">Simetria Planos de Sa\u00fade<\/a>.<\/p>\n<p style=\"text-align: left;\">L\u00edder de mercado, \u00e9 especializada na comercializa\u00e7\u00e3o de planos de sa\u00fade e odontol\u00f3gico. Atua nacionalmente e possui em seu portf\u00f3lio as principais operadoras, seguradoras e administradoras de benef\u00edcio do mercado.<\/p>\n<p style=\"text-align: left;\">Entre em contato com a Simetria Planos de Sa\u00fade e fa\u00e7a um or\u00e7amento dos planos que atendem a sua expectativa.<\/p>\n<p style=\"text-align: left;\">N\u00e3o espere mais para contratar um plano de sa\u00fade, garanta agora mesmo atendimento de qualidade e pelo melhor pre\u00e7o do mercado.<\/p>\n<p>Para receber a tabela de <a href=\"https:\/\/www.simetriaplanosdesaude.com.br\/blog\/precos-dos-convenios-medicos\/\">pre\u00e7os dos conv\u00eanios m\u00e9dicos<\/a>, entre em contato:<\/p>\n<ul>\n<li>(31) 3207-8090<\/li>\n<li>(31) 98479-8902<\/li>\n<li>contato@simetriaplanosdesaude.com.br<\/li>\n<\/ul>\n<p><a href=\"https:\/\/www.simetriaplanosdesaude.com.br\/solicite-seu-orcamento\"><img loading=\"lazy\" decoding=\"async\" class=\"aligncenter size-large wp-image-1334\" src=\"https:\/\/www.simetriaplanosdesaude.com.br\/blog\/wp-content\/uploads\/2019\/06\/SIMETRIA-CTA-1024x576.jpg\" alt=\"Cota\u00e7\u00e3o de Planos de Sa\u00fade Online\" width=\"760\" height=\"428\" srcset=\"https:\/\/www.simetriaplanosdesaude.com.br\/blog\/wp-content\/uploads\/2019\/06\/SIMETRIA-CTA-1024x576.jpg 1024w, https:\/\/www.simetriaplanosdesaude.com.br\/blog\/wp-content\/uploads\/2019\/06\/SIMETRIA-CTA-300x169.jpg 300w, https:\/\/www.simetriaplanosdesaude.com.br\/blog\/wp-content\/uploads\/2019\/06\/SIMETRIA-CTA-768x432.jpg 768w, https:\/\/www.simetriaplanosdesaude.com.br\/blog\/wp-content\/uploads\/2019\/06\/SIMETRIA-CTA.jpg 1200w\" sizes=\"(max-width: 760px) 100vw, 760px\" \/><\/a><\/p>\n<h2>Qual \u00e9 o melhor plano de sa\u00fade?<\/h2>\n<p>Os<strong> melhores planos de sa\u00fade do pa\u00eds <\/strong>s\u00e3o:<\/p>\n<ul>\n<li><a title=\"Plano de Sa\u00fade Amil\" href=\"https:\/\/www.simetriaplanosdesaude.com.br\/plano-de-saude-amil\">Plano de Sa\u00fade Amil<\/a><\/li>\n<li><a title=\"Plano de Sa\u00fade Bradesco\" href=\"https:\/\/www.simetriaplanosdesaude.com.br\/plano-de-saude-bradesco\">Plano de Sa\u00fade Bradesco<\/a><\/li>\n<li><a title=\"Plano de Sa\u00fade Golden Cross\" href=\"https:\/\/www.simetriaplanosdesaude.com.br\/plano-de-saude-golden-cross\">Plano de Sa\u00fade Golden Cross<\/a><\/li>\n<li><a title=\"Plano de Sa\u00fade Sulamerica\" href=\"https:\/\/www.simetriaplanosdesaude.com.br\/plano-de-saude-sulamerica\">Plano de Sa\u00fade SulAm\u00e9rica<\/a><\/li>\n<\/ul>\n<p>Em termos de n\u00famero de clientes, as <strong>principais operadoras de planos de sa\u00fade<\/strong> s\u00e3o:<\/p>\n<ul>\n<li>Bradesco Sa\u00fade: 4 milh\u00f5es de clientes;<\/li>\n<li>Interm\u00e9dica: 2 milh\u00f5es de clientes;<\/li>\n<li>Amil Assist\u00eancia m\u00e9dica: mais de 1 milh\u00e3o e 300 mil clientes.<\/li>\n<\/ul>\n<h2><strong>Tipos de planos de sa\u00fade em Belo Horizonte<\/strong><\/h2>\n<h3>O que \u00e9 um <a href=\"https:\/\/www.simetriaplanosdesaude.com.br\/blog\/plano-de-saude-individual\/\">Plano de sa\u00fade Individual<\/a>?<\/h3>\n<p>\u201cUm plano que compreende a assist\u00eancia \u00e0 sa\u00fade de contrata\u00e7\u00e3o individual, oferecido pelas operadoras de planos privados de assist\u00eancia \u00e0 sa\u00fade para a livre ades\u00e3o de pessoas f\u00edsicas, com ou sem seu grupo familiar.\u201d, segundo a ANS.<\/p>\n<p>A aquisi\u00e7\u00e3o do plano \u00e9 validado por um contrato de Plano de Sa\u00fade Individual, um \u201cinstrumento jur\u00eddico firmado legalmente entre uma operadora de plano de sa\u00fade e uma pessoa f\u00edsica para assist\u00eancia \u00e0 sa\u00fade de um indiv\u00edduo ou de um grupo familiar\u201d.<\/p>\n<h3><strong>O que \u00e9 um <\/strong><a href=\"https:\/\/www.simetriaplanosdesaude.com.br\/blog\/plano-de-saude-familiar\/\"><strong>Plano de sa\u00fade Familiar<\/strong><\/a><strong>?<\/strong><\/h3>\n<p>A contrata\u00e7\u00e3o do Plano de Sa\u00fade Familiar \u00e9 formalizado como um \u201cinstrumento jur\u00eddico firmado legalmente entre uma operadora de plano de sa\u00fade e uma pessoa f\u00edsica para assist\u00eancia \u00e0 sa\u00fade de um indiv\u00edduo ou de um grupo familiar\u201d, segundo a ANS.<\/p>\n<h3>O que \u00e9 um <a href=\"https:\/\/www.simetriaplanosdesaude.com.br\/blog\/plano-de-saude-empresarial\/\"><strong>Plano de Sa\u00fade Empresarial<\/strong><\/a>?<\/h3>\n<p>Os Planos de Sa\u00fade para Empresas, como seu pr\u00f3prio nome sugere, s\u00e3o contratados por empresas que desejam cobrir a auxiliar nos cuidados com a sa\u00fade de seus funcion\u00e1rios.<\/p>\n<p>Os valores s\u00e3o reduzidos para os funcion\u00e1rios, pois s\u00e3o feitos para todos os membros da equipe, sendo repassada uma taxa infinitamente menor do que normalmente se pagaria em um plano individual e pessoal.<\/p>\n<h3><strong>O que \u00e9 um <\/strong><a href=\"https:\/\/www.simetriaplanosdesaude.com.br\/plano-de-saude-coletivo-por-adesao\"><strong>plano de sa\u00fade por ades\u00e3o<\/strong><\/a><strong>?<\/strong><\/h3>\n<p>O plano de sa\u00fade coletivo por ades\u00e3o \u00e9 voltada para profissionais liberais, trabalhadores do com\u00e9rcio, servidores p\u00fablicos, advogados, engenheiros, m\u00e9dicos, entre outros.<\/p>\n<p><strong>Leia mais<\/strong>:<\/p>\n<div id=\"post-1137\">\n<div>\n<ul>\n<li><a href=\"https:\/\/www.simetriaplanosdesaude.com.br\/blog\/plano-de-saude-para-casais\/\">Plano de sa\u00fade para casais<\/a><\/li>\n<li><a href=\"https:\/\/www.simetriaplanosdesaude.com.br\/blog\/plano-de-saude-para-medicos\/\">Plano de sa\u00fade para m\u00e9dicos<\/a><\/li>\n<li><a href=\"https:\/\/www.simetriaplanosdesaude.com.br\/blog\/plano-de-saude-para-autonomos\/\">Plano de sa\u00fade para aut\u00f4nomos<\/a><\/li>\n<li><a href=\"https:\/\/www.simetriaplanosdesaude.com.br\/blog\/plano-de-saude-para-o-seu-bebe\/\">Plano de sa\u00fade para o seu beb\u00ea<\/a><\/li>\n<li><a href=\"https:\/\/www.simetriaplanosdesaude.com.br\/blog\/plano-de-saude-para-advogados\/\">Plano de sa\u00fade para os advogados<\/a><\/li>\n<li><a href=\"https:\/\/www.simetriaplanosdesaude.com.br\/blog\/plano-de-saude-para-gestantes\/\">Plano de sa\u00fade para gestantes<\/a><\/li>\n<li><a href=\"https:\/\/www.simetriaplanosdesaude.com.br\/blog\/plano-de-saude-para-aposentados\/\">Plano de sa\u00fade para aposentados<\/a><\/li>\n<li><a href=\"https:\/\/www.simetriaplanosdesaude.com.br\/blog\/plano-de-saude-para-os-estudantes\/\">Plano de sa\u00fade para os estudantes<\/a><\/li>\n<\/ul>\n<\/div>\n<\/div>\n<p><script type=\"application\/ld+json\">{\"@context\":\"https:\/\/schema.org\",\"@type\":\"FAQPage\",\"mainEntity\":[{\"@type\":\"Question\",\"name\":\"Quanto custa um plano de sa\u00fade?\",\"acceptedAnswer\":{\"@type\":\"Answer\",\"text\":\"Segundo a ANS, o pre\u00e7o m\u00e9dio de um plano de sa\u00fade \u00e9 de R$ 600. J\u00e1 para a terceira idade, o pre\u00e7o do plano de sa\u00fade pode chegar a mais de R$900.\"}},{\"@type\":\"Question\",\"name\":\"Qual \u00e9 o melhor plano de sa\u00fade?\",\"acceptedAnswer\":{\"@type\":\"Answer\",\"text\":\"Os melhores planos de sa\u00fade do pa\u00eds s\u00e3o: Plano de Sa\u00fade Amil, Plano de Sa\u00fade Bradesco, Plano de Sa\u00fade Golden Cross e Plano de Sa\u00fade SulAm\u00e9rica.\"}},{\"@type\":\"Question\",\"name\":\"O que \u00e9 plano de sa\u00fade familiar?\",\"acceptedAnswer\":{\"@type\":\"Answer\",\"text\":\"Instrumento jur\u00eddico firmado legalmente entre uma operadora de plano de sa\u00fade e uma pessoa f\u00edsica para assist\u00eancia \u00e0 sa\u00fade de um indiv\u00edduo ou de um grupo familiar\"}},{\"@type\":\"Question\",\"name\":\"O que \u00e9 um plano de sa\u00fade por ades\u00e3o?\",\"acceptedAnswer\":{\"@type\":\"Answer\",\"text\":\"O plano de sa\u00fade coletivo por ades\u00e3o \u00e9 voltada para profissionais liberais, trabalhadores do com\u00e9rcio, servidores p\u00fablicos, advogados, engenheiros, m\u00e9dicos, entre outros.\"}}]}<\/script><!--FAQPage Code Generated by https:\/\/saijogeorge.com\/json-ld-schema-generator\/faq\/--><\/p>\n","protected":false},"excerpt":{"rendered":"<p>A contrata\u00e7\u00e3o de um plano de sa\u00fade, seja empresarial, individual ou familiar \u00e9 a seguran\u00e7a de que voc\u00ea ter\u00e1 o suporte necess\u00e1rio nas situa\u00e7\u00f5es mais delicadas e urgentes de sua vida e familiares. As op\u00e7\u00f5es de planos de sa\u00fade em Belo Horizonte s\u00e3o vastas e \u00e9 por esse motivo que este conte\u00fado \u00e9 essencial para [&hellip;]<\/p>\n","protected":false},"author":1,"featured_media":148,"comment_status":"open","ping_status":"closed","sticky":false,"template":"","format":"standard","meta":{"footnotes":""},"categories":[25],"tags":[],"_links":{"self":[{"href":"https:\/\/www.simetriaplanosdesaude.com.br\/blog\/wp-json\/wp\/v2\/posts\/338"}],"collection":[{"href":"https:\/\/www.simetriaplanosdesaude.com.br\/blog\/wp-json\/wp\/v2\/posts"}],"about":[{"href":"https:\/\/www.simetriaplanosdesaude.com.br\/blog\/wp-json\/wp\/v2\/types\/post"}],"author":[{"embeddable":true,"href":"https:\/\/www.simetriaplanosdesaude.com.br\/blog\/wp-json\/wp\/v2\/users\/1"}],"replies":[{"embeddable":true,"href":"https:\/\/www.simetriaplanosdesaude.com.br\/blog\/wp-json\/wp\/v2\/comments?post=338"}],"version-history":[{"count":32,"href":"https:\/\/www.simetriaplanosdesaude.com.br\/blog\/wp-json\/wp\/v2\/posts\/338\/revisions"}],"predecessor-version":[{"id":1538,"href":"https:\/\/www.simetriaplanosdesaude.com.br\/blog\/wp-json\/wp\/v2\/posts\/338\/revisions\/1538"}],"wp:featuredmedia":[{"embeddable":true,"href":"https:\/\/www.simetriaplanosdesaude.com.br\/blog\/wp-json\/wp\/v2\/media\/148"}],"wp:attachment":[{"href":"https:\/\/www.simetriaplanosdesaude.com.br\/blog\/wp-json\/wp\/v2\/media?parent=338"}],"wp:term":[{"taxonomy":"category","embeddable":true,"href":"https:\/\/www.simetriaplanosdesaude.com.br\/blog\/wp-json\/wp\/v2\/categories?post=338"},{"taxonomy":"post_tag","embeddable":true,"href":"https:\/\/www.simetriaplanosdesaude.com.br\/blog\/wp-json\/wp\/v2\/tags?post=338"}],"curies":[{"name":"wp","href":"https:\/\/api.w.org\/{rel}","templated":true}]}}