{"id":415,"date":"2019-06-28T16:49:27","date_gmt":"2019-06-28T19:49:27","guid":{"rendered":"https:\/\/www.simetriaplanosdesaude.com.br\/blog\/?p=415"},"modified":"2021-02-01T10:47:48","modified_gmt":"2021-02-01T12:47:48","slug":"melhores-planos-de-saude","status":"publish","type":"post","link":"https:\/\/www.simetriaplanosdesaude.com.br\/blog\/melhores-planos-de-saude\/","title":{"rendered":"Melhores Planos de Sa\u00fade de 2021 [Atualizado]"},"content":{"rendered":"<p>Os<strong> <a href=\"https:\/\/www.simetriaplanosdesaude.com.br\/\">planos de sa\u00fade<\/a> tiveram um acr\u00e9scimo de 22.217 benefici\u00e1rios<\/strong> em 2018, na compara\u00e7\u00e3o com o ano de 2017.<\/p>\n<p>E esse <strong>n\u00famero continua crescendo em 2019.<\/strong><\/p>\n<p>De acordo com a ANS \u2013 Ag\u00eancia Nacional de Sa\u00fade Suplementar, no Brasil, foram registrados <strong>9,09 milh\u00f5es de planos individuais ou familiares<\/strong>.<\/p>\n<p>J\u00e1 os planos coletivos s\u00e3o 38,16 milh\u00f5es, destes, 31,47 milh\u00f5es s\u00e3o planos coletivos empresariais e 6,41 milh\u00f5es s\u00e3o referentes a planos coletivos por ades\u00e3o.<\/p>\n<p>Vai <strong>contratar um plano de sa\u00fade<\/strong> e quer saber<strong> qual \u00e9 o melhor<\/strong>? N\u00e3o deixe de ler este post.<\/p>\n<p>Em 2019, <strong>5\u00a0operadoras de planos de sa\u00fade<\/strong> que se <strong>destacam no mercado<\/strong>, de acordo com n\u00famero de benefici\u00e1rios e nota obtida em \u00edndice de qualidade elaborado pela ANS:<\/p>\n<ol>\n<li><strong>Amil<\/strong><\/li>\n<li><strong>Bradesco Sa\u00fade<\/strong><\/li>\n<li><strong>Golden Cross<\/strong><\/li>\n<li><strong>NotreDame Interm\u00e9dica<\/strong><\/li>\n<li><strong>SulAm\u00e9rica Sa\u00fade<\/strong><\/li>\n<\/ol>\n<p>Neste post conhe\u00e7a os <strong>melhores planos de sa\u00fade<\/strong>\u00a0e descubra<strong> como escolher o ideal<\/strong>.<\/p>\n<h2><strong>Qual \u00e9 o maior plano de sa\u00fade do Brasil?<\/strong><\/h2>\n<p><img loading=\"lazy\" decoding=\"async\" class=\"aligncenter wp-image-475 size-medium\" src=\"https:\/\/www.simetriaplanosdesaude.com.br\/blog\/wp-content\/uploads\/2019\/07\/plano-de-saude-amil-300x126.jpg\" alt=\"\" width=\"300\" height=\"126\" srcset=\"https:\/\/www.simetriaplanosdesaude.com.br\/blog\/wp-content\/uploads\/2019\/07\/plano-de-saude-amil-300x126.jpg 300w, https:\/\/www.simetriaplanosdesaude.com.br\/blog\/wp-content\/uploads\/2019\/07\/plano-de-saude-amil-768x323.jpg 768w, https:\/\/www.simetriaplanosdesaude.com.br\/blog\/wp-content\/uploads\/2019\/07\/plano-de-saude-amil.jpg 1000w\" sizes=\"(max-width: 300px) 100vw, 300px\" \/>A <a href=\"https:\/\/www.simetriaplanosdesaude.com.br\/plano-de-saude-amil\">operadora de plano de sa\u00fade Amil<\/a> \u00e9 uma das maiores e melhores para se contratar devido aos seus in\u00fameros benef\u00edcios. O que deixou a Bradesco Sa\u00fade para tr\u00e1s. Fundada no in\u00edcio da d\u00e9cada de 1970, no Rio de Janeiro, a Amil oferece servi\u00e7os com abrang\u00eancia nacional, al\u00e9m de ter tamb\u00e9m planos ambulatoriais. A operadora conta com 3,60 milh\u00f5es de benefici\u00e1rios.<\/p>\n<h2><strong>Qual \u00e9 o melhor plano de sa\u00fade com cobertura nacional?<\/strong><\/h2>\n<div id='gallery-1' class='gallery galleryid-415 gallery-columns-3 gallery-size-medium'><figure class='gallery-item'>\n\t\t\t<div class='gallery-icon landscape'>\n\t\t\t\t<img loading=\"lazy\" decoding=\"async\" width=\"300\" height=\"126\" src=\"https:\/\/www.simetriaplanosdesaude.com.br\/blog\/wp-content\/uploads\/2019\/07\/plano-de-saude-amil-300x126.jpg\" class=\"attachment-medium size-medium\" alt=\"\" srcset=\"https:\/\/www.simetriaplanosdesaude.com.br\/blog\/wp-content\/uploads\/2019\/07\/plano-de-saude-amil-300x126.jpg 300w, https:\/\/www.simetriaplanosdesaude.com.br\/blog\/wp-content\/uploads\/2019\/07\/plano-de-saude-amil-768x323.jpg 768w, https:\/\/www.simetriaplanosdesaude.com.br\/blog\/wp-content\/uploads\/2019\/07\/plano-de-saude-amil.jpg 1000w\" sizes=\"(max-width: 300px) 100vw, 300px\" \/>\n\t\t\t<\/div><\/figure><figure class='gallery-item'>\n\t\t\t<div class='gallery-icon landscape'>\n\t\t\t\t<img loading=\"lazy\" decoding=\"async\" width=\"300\" height=\"126\" src=\"https:\/\/www.simetriaplanosdesaude.com.br\/blog\/wp-content\/uploads\/2019\/07\/plano-de-saude-bradesco-300x126.jpg\" class=\"attachment-medium size-medium\" alt=\"\" srcset=\"https:\/\/www.simetriaplanosdesaude.com.br\/blog\/wp-content\/uploads\/2019\/07\/plano-de-saude-bradesco-300x126.jpg 300w, https:\/\/www.simetriaplanosdesaude.com.br\/blog\/wp-content\/uploads\/2019\/07\/plano-de-saude-bradesco-768x323.jpg 768w, https:\/\/www.simetriaplanosdesaude.com.br\/blog\/wp-content\/uploads\/2019\/07\/plano-de-saude-bradesco.jpg 1000w\" sizes=\"(max-width: 300px) 100vw, 300px\" \/>\n\t\t\t<\/div><\/figure><figure class='gallery-item'>\n\t\t\t<div class='gallery-icon landscape'>\n\t\t\t\t<img loading=\"lazy\" decoding=\"async\" width=\"300\" height=\"126\" src=\"https:\/\/www.simetriaplanosdesaude.com.br\/blog\/wp-content\/uploads\/2019\/08\/plano-de-saude-golden-cross-300x126.jpg\" class=\"attachment-medium size-medium\" alt=\"\" srcset=\"https:\/\/www.simetriaplanosdesaude.com.br\/blog\/wp-content\/uploads\/2019\/08\/plano-de-saude-golden-cross-300x126.jpg 300w, https:\/\/www.simetriaplanosdesaude.com.br\/blog\/wp-content\/uploads\/2019\/08\/plano-de-saude-golden-cross.jpg 700w\" sizes=\"(max-width: 300px) 100vw, 300px\" \/>\n\t\t\t<\/div><\/figure>\n\t\t<\/div>\n\n<ul>\n<li>A <a href=\"https:\/\/www.simetriaplanosdesaude.com.br\/plano-de-saude-amil\"><strong>Amil Assist\u00eancia M\u00e9dica<\/strong><\/a>. De acordo com a ANS, que regulamenta o setor, a Amil \u00e9 uma das maiores e mais bem cotadas operadoras de planos de sa\u00fade do pa\u00eds.<\/li>\n<li>A <a href=\"https:\/\/www.simetriaplanosdesaude.com.br\/plano-de-saude-bradesco\"><strong>Bradesco Sa\u00fade<\/strong><\/a> com mais de 2,5 milh\u00f5es de benefici\u00e1rios.<\/li>\n<li>A <a href=\"https:\/\/www.simetriaplanosdesaude.com.br\/plano-de-saude-golden-cross\"><strong>Golden Cross<\/strong><\/a> \u00e9 uma das operadoras mais s\u00f3lidas do pa\u00eds, tamb\u00e9m oferece planos de sa\u00fade nacionais.<\/li>\n<\/ul>\n<h2><strong>Qual \u00e9 o melhor plano de sa\u00fade: Amil ou Bradesco?<\/strong><\/h2>\n<p>De acordo com a tabela, \u00e9 poss\u00edvel verificar que tanto a Amil quanto o Bradesco alcan\u00e7aram notas similares.<\/p>\n<style>\n\t\/* info (hed, dek, source, credit) *\/<br \/>.rg-container {<br \/>  font-family: 'Lato', Helvetica, Arial, sans-serif;<br \/>  font-size: 16px;<br \/>  line-height: 1.4;<br \/>  margin: 0;<br \/>  padding: 1em 0.5em;<br \/>  color: #222;<br \/>}<br \/>.rg-header {<br \/>  margin-bottom: 1em;<br \/>  text-align: left;<br \/>}<\/p>\n<p>.rg-header > * {<br \/>  display: block;<br \/>}<br \/>.rg-hed {<br \/>  font-weight: bold;<br \/>  font-size: 1.4em;<br \/>}<br \/>.rg-dek {<br \/>  font-size: 1em;<br \/>}<\/p>\n<p>.rg-source {<br \/>  margin: 0;<br \/>  font-size: 0.75em;<br \/>  text-align: right;<br \/>}<br \/>.rg-source .pre-colon {<br \/>  text-transform: uppercase;<br \/>}<\/p>\n<p>.rg-source .post-colon {<br \/>  font-weight: bold;<br \/>}<\/p>\n<p>\/* table *\/<br \/>table.rg-table {<br \/>  width: 100%;<br \/>  margin-bottom: 0.5em;<br \/>  font-size: 1em;<br \/>  border-collapse: collapse;<br \/>  border-spacing: 0;<br \/>}<br \/>table.rg-table tr {<br \/>  -moz-box-sizing: border-box;<br \/>  box-sizing: border-box;<br \/>  margin: 0;<br \/>  padding: 0;<br \/>  border: 0;<br \/>  font-size: 100%;<br \/>  font: inherit;<br \/>  vertical-align: baseline;<br \/>  text-align: left;<br \/>  color: #333;<br \/>}<br \/>table.rg-table thead {<br \/>  border-bottom: 3px solid #ddd;<br \/>}<br \/>table.rg-table tr {<br \/>  border-bottom: 1px solid #ddd;<br \/>  color: #222;<br \/>}<br \/>table.rg-table tr.highlight {<br \/>  background-color: #dcf1f0 !important;<br \/>}<br \/>table.rg-table.zebra tr:nth-child(even) {<br \/>  background-color: #f6f6f6;<br \/>}<br \/>table.rg-table th {<br \/>  font-weight: bold;<br \/>  padding: 0.35em;<br \/>  font-size: 0.9em;<br \/>}<br \/>table.rg-table td {<br \/>  padding: 0.35em;<br \/>  font-size: 0.9em;<br \/>}<br \/>table.rg-table .highlight td {<br \/>  font-weight: bold;<br \/>}<br \/>table.rg-table th.number,<br \/>td.number {<br \/>  text-align: right;<br \/>}<\/p>\n<p>\/* media queries *\/<br \/>@media screen and (max-width: 600px) {<br \/>  .rg-container {<br \/>    max-width: 600px;<br \/>    margin: 0 auto;<br \/>  }<br \/>  table.rg-table {<br \/>    width: 100%;<br \/>  }<br \/>  table.rg-table tr.hide-mobile,<br \/>  table.rg-table th.hide-mobile,<br \/>  table.rg-table td.hide-mobile {<br \/>    display: none;<br \/>  }<br \/>  table.rg-table thead {<br \/>    display: none;<br \/>  }<br \/>  table.rg-table tbody {<br \/>    width: 100%;<br \/>  }<br \/>  table.rg-table tr,<br \/>  table.rg-table th,<br \/>  table.rg-table td {<br \/>    display: block;<br \/>    padding: 0;<br \/>  }<br \/>  table.rg-table tr {<br \/>    border-bottom: none;<br \/>    margin: 0 0 1em 0;<br \/>    padding: 0.5em;<br \/>  }<br \/>  table.rg-table tr.highlight {<br \/>    background-color: inherit !important;<br \/>  }<br \/>  table.rg-table.zebra tr:nth-child(even) {<br \/>    background-color: transparent;<br \/>  }<br \/>  table.rg-table.zebra td:nth-child(even) {<br \/>    background-color: #f6f6f6;<br \/>  }<br \/>  table.rg-table tr:nth-child(even) {<br \/>    background-color: transparent;<br \/>  }<br \/>  table.rg-table td {<br \/>    padding: 0.5em 0 0.25em 0;<br \/>    border-bottom: 1px dotted #ccc;<br \/>    text-align: right;<br \/>  }<br \/>  table.rg-table td[data-title]:before {<br \/>    content: attr(data-title);<br \/>    font-weight: bold;<br \/>    display: inline-block;<br \/>    content: attr(data-title);<br \/>    float: left;<br \/>    margin-right: 0.5em;<br \/>    font-size: 0.95em;<br \/>  }<br \/>  table.rg-table td:last-child {<br \/>    padding-right: 0;<br \/>    border-bottom: 2px solid #ccc;<br \/>  }<br \/>  table.rg-table td:empty {<br \/>    display: none;<br \/>  }<br \/>  table.rg-table .highlight td {<br \/>    background-color: inherit;<br \/>    font-weight: normal;<br \/>  }<br \/>}<\/p>\n<\/style>\n<div class=\"rg-container\">\n<table class=\"rg-table\" summary=\"Hed\">\n<thead>\n<tr>\n<th class=\"text \"><\/th>\n<th class=\"text \">AMIL<\/th>\n<th class=\"text \">BRADESCO<\/th>\n<\/tr>\n<\/thead>\n<tbody>\n<tr class=\"\">\n<td class=\"text \" data-title=\"x\">Nota m\u00e9dia<\/td>\n<td class=\"text \" data-title=\"AMIL\">5,71<\/td>\n<td class=\"text \" data-title=\"BRADESCO\">5,5<\/td>\n<\/tr>\n<tr class=\"\">\n<td class=\"text \" data-title=\"x\">Avalia\u00e7\u00e3o<\/td>\n<td class=\"text \" data-title=\"AMIL\">Bom<\/td>\n<td class=\"text \" data-title=\"BRADESCO\">Bom<\/td>\n<\/tr>\n<tr class=\"\">\n<td class=\"text \" data-title=\"x\">N\u00famero de reclama\u00e7\u00f5es<\/td>\n<td class=\"text \" data-title=\"AMIL\">8097<\/td>\n<td class=\"text \" data-title=\"BRADESCO\">7571<\/td>\n<\/tr>\n<tr class=\"\">\n<td class=\"text \" data-title=\"x\">Reclama\u00e7\u00f5es atendidas<\/td>\n<td class=\"text \" data-title=\"AMIL\">99,70%<\/td>\n<td class=\"text \" data-title=\"BRADESCO\">99,80%<\/td>\n<\/tr>\n<tr class=\"\">\n<td class=\"text \" data-title=\"x\">\u00cdndice de solu\u00e7\u00e3o<\/td>\n<td class=\"text \" data-title=\"AMIL\">69,50%<\/td>\n<td class=\"text \" data-title=\"BRADESCO\">75,70%<\/td>\n<\/tr>\n<tr class=\"hide-mobile\">\n<td class=\"text \" data-title=\"x\">Voltaria a fazer neg\u00f3cio<\/td>\n<td class=\"text \" data-title=\"AMIL\">59,40%<\/td>\n<td class=\"text \" data-title=\"BRADESCO\">54,80%<\/td>\n<\/tr>\n<\/tbody>\n<\/table>\n<\/div>\n<h2><strong>Qual \u00e9 o melhor plano de sa\u00fade: Golden Cross ou NotreDame Interm\u00e9dica?<\/strong><\/h2>\n<p>Est\u00e1 em d\u00favida se contrata o plano de sa\u00fade Golden Cross ou NotreDame Interm\u00e9dica? Confira abaixo alguns fatores que podem te ajuda na decis\u00e3o.<\/p>\n<p>O plano<strong> Golden Cross tem uma nota 8,3<\/strong> no Reclame Aqui.<\/p>\n<p>J\u00e1 a <strong>Interm\u00e9dica alcan\u00e7ou uma nota 7,9<\/strong> na plataforma de reclama\u00e7\u00f5es.<\/p>\n<p>Ao <strong>escolher pela operadora NotreDame Interm\u00e9dica<\/strong>, voc\u00ea ter\u00e1:<\/p>\n<ul>\n<li>planos de sa\u00fade e odontol\u00f3gicos completos<\/li>\n<li>ampla programa\u00e7\u00e3o de sa\u00fade preventiva<\/li>\n<li>facilidades de pagamento<\/li>\n<\/ul>\n<p>Ao <strong>escolher pela operadora Golden Cross<\/strong>, voc\u00ea ter\u00e1:<\/p>\n<ul>\n<li>planos m\u00e9dicos e odontol\u00f3gicos com ampla cobertura<\/li>\n<li>coberturas de abrang\u00eancia nacional e regional<\/li>\n<li>uma rede de profissionais com mais de 23 mil profissionais<\/li>\n<\/ul>\n<p>Em caso de d\u00favidas, entre em contato com a <a href=\"https:\/\/www.simetriaplanosdesaude.com.br\">Simetria Planos de Sa\u00fade<\/a>.<\/p>\n<h2><strong>Qual \u00e9 o melhor plano de sa\u00fade: SulAm\u00e9rica Sa\u00fade ou Amil?<\/strong><\/h2>\n<p>Amil e SulAm\u00e9rica s\u00e3o planos de sa\u00fade completos e por isso, na hora de contratar, gera muitas d\u00favidas por qual operadora escolher. Confira aqui alguns fatores para te ajuda nessa decis\u00e3o.<\/p>\n<p>O plano<strong> SulAm\u00e9rica tem uma nota 7,4<\/strong> no Reclame Aqui.<\/p>\n<p>J\u00e1 a <strong>Amil marcou uma nota de 7,3\u00a0<\/strong>na plataforma de reclama\u00e7\u00f5es.<\/p>\n<p>Ao <strong>escolher pela operadora SulAm\u00e9rica<\/strong>, voc\u00ea ter\u00e1:<\/p>\n<ul>\n<li>planos para pequenas, m\u00e9dias e grandes empresas<\/li>\n<li>rede farmac\u00eautica com mais de 10 mil unidades por todo o pa\u00eds<\/li>\n<li>benef\u00edcios como hospedagem hospitalar para acompanhante e mais<\/li>\n<\/ul>\n<p>Ao <strong>escolher pela operadora Amil<\/strong>, voc\u00ea ter\u00e1:<\/p>\n<ul>\n<li>ampla rede de cl\u00ednicas, hospitais e profissionais credenciados<\/li>\n<li>espa\u00e7o sa\u00fade com atendimentos multidisciplinares para tratamentos especiais<\/li>\n<li>plataforma virtual para o agendamento de consultas e exames<\/li>\n<\/ul>\n<p>Em caso de d\u00favidas, entre em contato com a <a href=\"https:\/\/www.simetriaplanosdesaude.com.br\">Simetria Planos de Sa\u00fade<\/a>.<\/p>\n<h2><strong>Quais s\u00e3o os planos de sa\u00fade dispon\u00edveis no mercado?<\/strong><\/h2>\n<div>\n<ul>\n<li><a title=\"Plano de Sa\u00fade Allianz\" href=\"https:\/\/www.simetriaplanosdesaude.com.br\/plano-de-saude-allianz.html\">Plano de Sa\u00fade Allianz<\/a><\/li>\n<li><a title=\"Plano de Sa\u00fade Amil\" href=\"https:\/\/www.simetriaplanosdesaude.com.br\/plano-de-saude-amil.html\">Plano de Sa\u00fade Amil<\/a><\/li>\n<li><a title=\"Plano Amil One\" href=\"https:\/\/www.simetriaplanosdesaude.com.br\/plano-de-saude-amil.html\">Plano Amil One<\/a><\/li>\n<li><a title=\"Plano Bradesco Sa\u00fade\" href=\"https:\/\/www.simetriaplanosdesaude.com.br\/plano-de-saude-bradesco.html\">Plano Bradesco Sa\u00fade<\/a><\/li>\n<li><a title=\"Plano de Sa\u00fade Golden Cross\" href=\"https:\/\/www.simetriaplanosdesaude.com.br\/plano-de-saude-golden-cross.html\">Plano Golden Cross<\/a><\/li>\n<li><a title=\"Plano de Sa\u00fade Intermedica\" href=\"https:\/\/www.simetriaplanosdesaude.com.br\/plano-de-saude-intermedica.html\">Plano de Sa\u00fade Intermedica<\/a><\/li>\n<li><a title=\"Plano de Sa\u00fade MedSenior\" href=\"https:\/\/www.simetriaplanosdesaude.com.br\/plano-de-saude-medsenior.html\">Plano de Sa\u00fade MedSenior<\/a><\/li>\n<li><a title=\"Plano MetLife\" href=\"https:\/\/www.simetriaplanosdesaude.com.br\/plano-metlife.html\">Plano MetLife<\/a><\/li>\n<li><a title=\"Plano de Sa\u00fade MedGold\" href=\"https:\/\/www.simetriaplanosdesaude.com.br\/plano-de-saude-medgold.html\">Plano de Sa\u00fade MedGold<\/a><\/li>\n<li><a title=\"Plano Premium Sa\u00fade\" href=\"https:\/\/www.simetriaplanosdesaude.com.br\/plano-premium-saude.html\">Plano Premium Sa\u00fade<\/a><\/li>\n<li><a title=\"Plano de Sa\u00fade Promed\" href=\"https:\/\/www.simetriaplanosdesaude.com.br\/plano-de-saude-promed.html\">Plano de Sa\u00fade Promed<\/a><\/li>\n<li><a title=\"Plano de Saude Vitallis\" href=\"https:\/\/www.simetriaplanosdesaude.com.br\/plano-de-saude-vitallis.html\">Plano de Sa\u00fade Vitallis<\/a><\/li>\n<li><a title=\"Plano Saude Sulamerica\" href=\"https:\/\/www.simetriaplanosdesaude.com.br\/plano-de-saude-sulamerica.html\">Plano Saude Sulamerica<\/a><\/li>\n<li><a title=\"Plano de Sa\u00fade Samp\" href=\"https:\/\/www.simetriaplanosdesaude.com.br\/plano-de-saude-samp.html\">Plano de Sa\u00fade Samp<\/a><\/li>\n<li><a title=\"Plano SAUDE Sistema\" href=\"https:\/\/www.simetriaplanosdesaude.com.br\/plano-saude-sistema.html\">Plano SAUDE Sistema<\/a><\/li>\n<\/ul>\n<\/div>\n<h2><strong>Principais reclama\u00e7\u00f5es dos planos de sa\u00fade<\/strong><\/h2>\n<p>O Procon de S\u00e3o Paulo divulgou em 2013 o ranking dos 10 planos de sa\u00fade com mais reclama\u00e7\u00f5es no \u00f3rg\u00e3o. Confira a tabela abaixo:<\/p>\n<p><img loading=\"lazy\" decoding=\"async\" class=\"aligncenter wp-image-427\" src=\"https:\/\/www.simetriaplanosdesaude.com.br\/blog\/wp-content\/uploads\/2019\/06\/Principais-reclama\u00e7\u00f5es-dos-planos-de-sa\u00fade.jpg\" alt=\"\" width=\"600\" height=\"299\" srcset=\"https:\/\/www.simetriaplanosdesaude.com.br\/blog\/wp-content\/uploads\/2019\/06\/Principais-reclama\u00e7\u00f5es-dos-planos-de-sa\u00fade.jpg 675w, https:\/\/www.simetriaplanosdesaude.com.br\/blog\/wp-content\/uploads\/2019\/06\/Principais-reclama\u00e7\u00f5es-dos-planos-de-sa\u00fade-300x149.jpg 300w\" sizes=\"(max-width: 600px) 100vw, 600px\" \/><\/p>\n<p>As <strong>2 reclama\u00e7\u00f5es<\/strong> mais comuns em rela\u00e7\u00e3o \u00e0 <strong>cobertura assistencial<\/strong> s\u00e3o:<\/p>\n<ol>\n<li>a demora em autorizar procedimentos;<\/li>\n<li>negativa total ou parcial de cobertura ou reembolso com base no Rol de Procedimentos e Eventos M\u00e9dicos editado pela ANS, em cl\u00e1usulas contratuais de exclus\u00e3o ou em interpreta\u00e7\u00f5es unilaterais como a alega\u00e7\u00e3o de doen\u00e7as preexistentes.<\/li>\n<\/ol>\n<p>J\u00e1 em rela\u00e7\u00e3o \u00e0 <strong>cobertura assistencial<\/strong>, destaca-se <strong>4 reclama\u00e7\u00f5es<\/strong>:<\/p>\n<ol>\n<li>a dificuldade em agendar consultas ou exames<\/li>\n<li>o descumprimento de prazos m\u00e1ximos para o atendimento quer seja em consultas, exames ou cirurgias<\/li>\n<li>altera\u00e7\u00f5es na rede credenciada<\/li>\n<li>e a imposi\u00e7\u00e3o de restri\u00e7\u00f5es ao direito de escolha.<\/li>\n<\/ol>\n<p><img loading=\"lazy\" decoding=\"async\" class=\"aligncenter wp-image-422\" src=\"https:\/\/www.simetriaplanosdesaude.com.br\/blog\/wp-content\/uploads\/2019\/06\/reclama\u00e7\u00f5es-plano-de-sa\u00fade.jpg\" alt=\"\" width=\"600\" height=\"226\" srcset=\"https:\/\/www.simetriaplanosdesaude.com.br\/blog\/wp-content\/uploads\/2019\/06\/reclama\u00e7\u00f5es-plano-de-sa\u00fade.jpg 675w, https:\/\/www.simetriaplanosdesaude.com.br\/blog\/wp-content\/uploads\/2019\/06\/reclama\u00e7\u00f5es-plano-de-sa\u00fade-300x113.jpg 300w\" sizes=\"(max-width: 600px) 100vw, 600px\" \/><\/p>\n<div>\n<h2><strong>Quanto custa um plano de sa\u00fade?<\/strong><\/h2>\n<p>Segundo a ANS, o pre\u00e7o m\u00e9dio de um plano de sa\u00fade \u00e9 de R$ 600. J\u00e1 para a terceira idade, o pre\u00e7o do plano de sa\u00fade pode chegar a mais de R$900.<\/p>\n<\/div>\n<div>O valor do plano \u00e9 determinado por fatores como faixa et\u00e1ria (quanto mais idade, mais caro ser\u00e1), estilo de vida, predisposi\u00e7\u00e3o \u00e0 doen\u00e7as, hist\u00f3rico de sa\u00fade da fam\u00edlia, entre outros itens.<\/div>\n<div>\n<p>Entre em contato com a\u00a0<a href=\"https:\/\/www.simetriaplanosdesaude.com.br\/\">Simetria Planos de Sa\u00fade<\/a> e solicite a <a href=\"https:\/\/www.simetriaplanosdesaude.com.br\/blog\/tabela-de-precos-plano-de-saude\/\">tabela de pre\u00e7os dos planos de sa\u00fade<\/a>. Cuide da sua sa\u00fade bucal e de quem ama!<\/p>\n<div>E a\u00ed, gostou deste artigo? Acompanhe nosso blog, pois sempre traremos temais atuais para voc\u00ea.<\/div>\n<div><\/div>\n<div>\n<p><strong>Leia mais:<\/strong><\/p>\n<ul>\n<li><a href=\"https:\/\/www.simetriaplanosdesaude.com.br\/blog\/plano-de-saude-familiar\/\">Plano de Sa\u00fade Familiar<\/a><\/li>\n<li><a href=\"https:\/\/www.simetriaplanosdesaude.com.br\/blog\/plano-de-saude-individual\/\">Plano de Sa\u00fade Individual<\/a><\/li>\n<li><a href=\"https:\/\/www.simetriaplanosdesaude.com.br\/blog\/plano-de-saude-empresarial\/\">Plano de Sa\u00fade Empresarial<\/a><\/li>\n<\/ul>\n<\/div>\n<\/div>\n","protected":false},"excerpt":{"rendered":"<p>Os melhores planos de sa\u00fade s\u00e3o: Amil, Bradesco Sa\u00fade, Golden Cross, NotreDame Interm\u00e9dica e SulAm\u00e9rica Sa\u00fade.<\/p>\n","protected":false},"author":1,"featured_media":242,"comment_status":"open","ping_status":"closed","sticky":false,"template":"","format":"standard","meta":{"footnotes":""},"categories":[17],"tags":[],"_links":{"self":[{"href":"https:\/\/www.simetriaplanosdesaude.com.br\/blog\/wp-json\/wp\/v2\/posts\/415"}],"collection":[{"href":"https:\/\/www.simetriaplanosdesaude.com.br\/blog\/wp-json\/wp\/v2\/posts"}],"about":[{"href":"https:\/\/www.simetriaplanosdesaude.com.br\/blog\/wp-json\/wp\/v2\/types\/post"}],"author":[{"embeddable":true,"href":"https:\/\/www.simetriaplanosdesaude.com.br\/blog\/wp-json\/wp\/v2\/users\/1"}],"replies":[{"embeddable":true,"href":"https:\/\/www.simetriaplanosdesaude.com.br\/blog\/wp-json\/wp\/v2\/comments?post=415"}],"version-history":[{"count":21,"href":"https:\/\/www.simetriaplanosdesaude.com.br\/blog\/wp-json\/wp\/v2\/posts\/415\/revisions"}],"predecessor-version":[{"id":1442,"href":"https:\/\/www.simetriaplanosdesaude.com.br\/blog\/wp-json\/wp\/v2\/posts\/415\/revisions\/1442"}],"wp:featuredmedia":[{"embeddable":true,"href":"https:\/\/www.simetriaplanosdesaude.com.br\/blog\/wp-json\/wp\/v2\/media\/242"}],"wp:attachment":[{"href":"https:\/\/www.simetriaplanosdesaude.com.br\/blog\/wp-json\/wp\/v2\/media?parent=415"}],"wp:term":[{"taxonomy":"category","embeddable":true,"href":"https:\/\/www.simetriaplanosdesaude.com.br\/blog\/wp-json\/wp\/v2\/categories?post=415"},{"taxonomy":"post_tag","embeddable":true,"href":"https:\/\/www.simetriaplanosdesaude.com.br\/blog\/wp-json\/wp\/v2\/tags?post=415"}],"curies":[{"name":"wp","href":"https:\/\/api.w.org\/{rel}","templated":true}]}}