{"id":723,"date":"2019-10-15T17:23:59","date_gmt":"2019-10-15T20:23:59","guid":{"rendered":"https:\/\/www.simetriaplanosdesaude.com.br\/blog\/?p=723"},"modified":"2020-01-09T12:06:33","modified_gmt":"2020-01-09T14:06:33","slug":"amil-bh","status":"publish","type":"post","link":"https:\/\/www.simetriaplanosdesaude.com.br\/blog\/amil-bh\/","title":{"rendered":"Amil BH: Quais s\u00e3o os planos de sa\u00fade?"},"content":{"rendered":"<p>Neste artigo conhe\u00e7a os <a href=\"https:\/\/www.simetriaplanosdesaude.com.br\/blog\/plano-de-saude-amil\/\">planos de sa\u00fade da Amil em Belo Horizonte<\/a>.<\/p>\n<h2><strong>Quais s<\/strong><strong>\u00e3<\/strong><strong>o os planos da Amil?<\/strong><\/h2>\n<p>O <a href=\"https:\/\/www.simetriaplanosdesaude.com.br\/plano-de-saude-amil\">plano de sa\u00fade Amil<\/a> \u00e9 uma modalidade completa que abrange todo o territ\u00f3rio nacional e ainda oferece enfermaria para interna\u00e7\u00e3o e unidade de terapia intensiva ou similar. Nesse plano voc\u00ea tem:<\/p>\n<ul>\n<li>assist\u00eancia ambulatorial,<\/li>\n<li>cl\u00ednica,<\/li>\n<li>obst\u00e9trica, e<\/li>\n<li>hospitalar.<\/li>\n<\/ul>\n<p>J\u00e1 os outros <a href=\"https:\/\/www.simetriaplanosdesaude.com.br\/blog\/amil-mg\/\"><strong>planos de sa\u00fade da Amil em Minas Gerais<\/strong><\/a>\u00a0s\u00e3o divididos em duas linhas:<\/p>\n<style type=\"text\/css\"><!--td {border: 1px solid #ccc;}br {mso-data-placement:same-cell;}--><\/style>\n<table dir=\"ltr\" style=\"height: 154px;\" border=\"1\" width=\"774\" cellspacing=\"0\" cellpadding=\"0\">\n<colgroup>\n<col width=\"111\" \/>\n<col width=\"179\" \/><\/colgroup>\n<tbody>\n<tr>\n<td style=\"text-align: center;\" data-sheets-value=\"{&quot;1&quot;:2,&quot;2&quot;:&quot;Linha Blue&quot;}\"><strong>Linha Blue<\/strong><\/td>\n<td style=\"text-align: center;\" data-sheets-value=\"{&quot;1&quot;:2,&quot;2&quot;:&quot;Linha Medial&quot;}\"><strong>Linha Medial<\/strong><\/td>\n<\/tr>\n<tr>\n<td data-sheets-value=\"{&quot;1&quot;:2,&quot;2&quot;:&quot;\u00c9uma linha de produtos desenvolvida para o cliente que procura um plano com ampla rede credenciada e com toda a tradi\u00e7\u00e3o, credibilidade e qualidade Amil. Possui produtos com abrang\u00eancias nacional e regional. A melhor rela\u00e7\u00e3o custo benef\u00edcio.&quot;}\">\u00c9 uma linha de produtos desenvolvida para o cliente que procura um plano com ampla rede credenciada e com toda a tradi\u00e7\u00e3o, credibilidade e qualidade Amil. Possui produtos com abrang\u00eancias nacional e regional. A melhor rela\u00e7\u00e3o custo benef\u00edcio.<\/td>\n<td data-sheets-value=\"{&quot;1&quot;:2,&quot;2&quot;:&quot;Est\u00e1totalmente direcionada ao conceito de coparticipa\u00e7\u00e3o. Uma ideia vitoriosa que possibilita ao cliente uma redu\u00e7\u00e3o significativa do valor da sua contribui\u00e7\u00e3o mensal. Com a Coparticipa\u00e7\u00e3o, os servi\u00e7os m\u00e9dicos s\u00e3o utilizados de forma mais consciente, evitando-se consultas, exames e atendimentos desnecess\u00e1rios. Com a coparticipa\u00e7\u00e3o, em um ano o cliente pode economizar at\u00e93 parcelas do seu plano. Menos 25%.&quot;}\">Est\u00e1 totalmente direcionada ao conceito de coparticipa\u00e7\u00e3o. Uma ideia vitoriosa que possibilita ao cliente uma redu\u00e7\u00e3o significativa do valor da sua contribui\u00e7\u00e3o mensal. Com a Coparticipa\u00e7\u00e3o, os servi\u00e7os m\u00e9dicos s\u00e3o utilizados de forma mais consciente, evitando-se consultas, exames e atendimentos desnecess\u00e1rios. Com a coparticipa\u00e7\u00e3o, em um ano o cliente pode economizar at\u00e9 3 parcelas do seu plano. Menos 25%.<\/td>\n<\/tr>\n<\/tbody>\n<\/table>\n<p>Conhe\u00e7a cada um dos<strong> planos de sa\u00fade da Amil<\/strong> abaixo:<\/p>\n<p><strong>Amil Blue 200<\/strong> \u00e9 indicado para quem deseja qualidade e pre\u00e7o acess\u00edvel. O plano disponibiliza um atendimento completo, com consultas, exames, UTI, cirurgias, e interna\u00e7\u00f5es ilimitadas.<\/p>\n<p><strong>Amil Blue 300<\/strong> possui qualidade e custo acess\u00edvel.<\/p>\n<p><strong>Amil Blue 400<\/strong> para as empresas que querem disponibilizar a seus colaboradores\u00a0 um \u00a0plano de sa\u00fade completo.<\/p>\n<p><strong>Amil Medial 200<\/strong> pode ser adquirido na forma coletivo por ades\u00e3o ou pelas empresas que querem disponibilizar aos seus colaboradores um plano de sa\u00fade completo.<\/p>\n<p><strong>Amil Lincx LT3<\/strong> \u00e9 exclusivo para clientes Premium que viajam muito. Por isso ele tem uma cobertura abrangente e completa.<\/p>\n<p><strong>Amil Lincx LT4<\/strong> \u00e9 um plano que oferece os melhores hospitais e laborat\u00f3rios que possuem equipamentos modernos, de maneira a disponibilizar um diagn\u00f3stico mais preciso e, em decorr\u00eancia, um melhor tratamento. O plano possui profissionais com especializa\u00e7\u00e3o, al\u00e9m de o cliente poder contar com o reembolso.<\/p>\n<p><strong>Amil Medial 300<\/strong> pode ser adquirido por pessoas f\u00edsicas ou por empresas, o que garante um servi\u00e7o de sa\u00fade de qualidade.<\/p>\n<p><strong>Amil Medial 400<\/strong> \u00e9 indicado para clientes que desejam consulta, exames, laborat\u00f3rios, interna\u00e7\u00e3o. Com esse plano \u00e9 poss\u00edvel tamb\u00e9m adicionar servi\u00e7os como o Amil Resgate e o Assist\u00eancia Multiviagem.<\/p>\n<p><img loading=\"lazy\" decoding=\"async\" class=\"aligncenter wp-image-715\" src=\"https:\/\/www.simetriaplanosdesaude.com.br\/blog\/wp-content\/uploads\/2019\/08\/plano-de-saude-familiar-1024x537.jpg\" alt=\"\" width=\"500\" height=\"262\" srcset=\"https:\/\/www.simetriaplanosdesaude.com.br\/blog\/wp-content\/uploads\/2019\/08\/plano-de-saude-familiar-1024x537.jpg 1024w, https:\/\/www.simetriaplanosdesaude.com.br\/blog\/wp-content\/uploads\/2019\/08\/plano-de-saude-familiar-300x157.jpg 300w, https:\/\/www.simetriaplanosdesaude.com.br\/blog\/wp-content\/uploads\/2019\/08\/plano-de-saude-familiar-768x403.jpg 768w\" sizes=\"(max-width: 500px) 100vw, 500px\" \/><\/p>\n<h2><strong>Quais hospitais atendem Amil?<\/strong><\/h2>\n<style type=\"text\/css\"><!--td {border: 1px solid #ccc;}br {mso-data-placement:same-cell;}--><\/style>\n<table dir=\"ltr\" style=\"height: 931px;\" border=\"1\" width=\"795\" cellspacing=\"0\" cellpadding=\"0\">\n<colgroup>\n<col width=\"111\" \/>\n<col width=\"179\" \/><\/colgroup>\n<tbody>\n<tr>\n<td style=\"text-align: center;\" data-sheets-value=\"{&quot;1&quot;:2,&quot;2&quot;:&quot;Plano Amil&quot;}\"><strong>Plano Amil<\/strong><\/td>\n<td data-sheets-value=\"{&quot;1&quot;:2,&quot;2&quot;:&quot;Principais Hospitais Credenciados&quot;}\">\n<div>\n<div style=\"text-align: center;\"><strong>Principais Hospitais Credenciados<\/strong><\/div>\n<\/div>\n<\/td>\n<\/tr>\n<tr>\n<td data-sheets-value=\"{&quot;1&quot;:2,&quot;2&quot;:&quot;Blue 200&quot;}\">Blue 200<\/td>\n<td data-sheets-value=\"{&quot;1&quot;:2,&quot;2&quot;:&quot;Hospital Madre Teresa, Hospital Biocor, Hospital Fel\u00edcio Rocho, Hospital Life Center, Hospital Belo Horizonte, Hospital Luxemburgo, Hospital Semper, Hospital Infantil S\u00e3o Camilo, Hospital Infantil Padre Anchieta, Hospital da Crian\u00e7a e Maternidade S\u00e3o Jos\u00e9, Hospital do Barreiro, Hospital Clinicare, Hospital e Maternidade Octaviano Neves e Maternidade Santa F\u00e9&quot;}\">\n<div>\n<div>Hospital Madre Teresa, Hospital Biocor, Hospital Fel\u00edcio Rocho, Hospital Life Center, Hospital Belo Horizonte, Hospital Luxemburgo, Hospital Semper, Hospital Infantil S\u00e3o Camilo, Hospital Infantil Padre Anchieta, Hospital da Crian\u00e7a e Maternidade S\u00e3o Jos\u00e9, Hospital do Barreiro, Hospital Clinicare, Hospital e Maternidade Octaviano Neves e Maternidade Santa F\u00e9.<\/div>\n<\/div>\n<\/td>\n<\/tr>\n<tr>\n<td data-sheets-value=\"{&quot;1&quot;:2,&quot;2&quot;:&quot;Blue 300&quot;}\">Blue 300<\/td>\n<td data-sheets-value=\"{&quot;1&quot;:2,&quot;2&quot;:&quot;Rede Blue 200 e mais: Hospital Mater Dei, Hospital Vila da Serra e Hospital Socor.&quot;}\">\n<div>\n<div>Rede Blue 200 e mais: Hospital Mater Dei, Hospital Vila da Serra e Hospital Socor.<\/div>\n<\/div>\n<\/td>\n<\/tr>\n<tr>\n<td data-sheets-value=\"{&quot;1&quot;:2,&quot;2&quot;:&quot;Blue 400&quot;}\">Blue 400<\/td>\n<td data-sheets-value=\"{&quot;1&quot;:2,&quot;2&quot;:&quot;Rede Blue 300 e mais: Hospital Mater Dei, Hospital Vila da Serra e Hospital Socor.&quot;}\">\n<div>\n<div>Rede Blue 300 e mais: Hospital Mater Dei, Hospital Vila da Serra e Hospital Socor.<\/div>\n<\/div>\n<\/td>\n<\/tr>\n<tr>\n<td data-sheets-value=\"{&quot;1&quot;:2,&quot;2&quot;:&quot;Medial 200&quot;}\">Medial 200<\/td>\n<td data-sheets-value=\"{&quot;1&quot;:2,&quot;2&quot;:&quot;Hospital Madre Teresa, Hospital Biocor, Hospital Fel\u00edcio Rocho, Hospital Life Center, Hospital Belo Horizonte, Hospital Luxemburgo, Hospital Semper, Hospital Infantil S\u00e3o Camilo, Hospital Infantil Padre Anchieta, Hospital da Crian\u00e7a e Maternidade S\u00e3o Jos\u00e9, Hospital do Barreiro, Hospital Clinicare, Hospital e Maternidade Octaviano Neves e Maternidade Santa F\u00e9&quot;}\">\n<div>\n<div>Hospital Madre Teresa, Hospital Biocor, Hospital Fel\u00edcio Rocho, Hospital Life Center, Hospital Belo Horizonte, Hospital Luxemburgo, Hospital Semper, Hospital Infantil S\u00e3o Camilo, Hospital Infantil Padre Anchieta, Hospital da Crian\u00e7a e Maternidade S\u00e3o Jos\u00e9, Hospital do Barreiro, Hospital Clinicare, Hospital e Maternidade Octaviano Neves e Maternidade Santa F\u00e9.<\/div>\n<\/div>\n<\/td>\n<\/tr>\n<tr>\n<td data-sheets-value=\"{&quot;1&quot;:2,&quot;2&quot;:&quot;Medial 300&quot;}\">Medial 300<\/td>\n<td data-sheets-value=\"{&quot;1&quot;:2,&quot;2&quot;:&quot;Rede Medial 200 e mais: Hospital Mater Dei, Hospital Vila da Serra e Hospital Socor&quot;}\">\n<div>\n<div>Rede Medial 200 e mais: Hospital Mater Dei, Hospital Vila da Serra e Hospital Socor.<\/div>\n<\/div>\n<\/td>\n<\/tr>\n<tr>\n<td data-sheets-value=\"{&quot;1&quot;:2,&quot;2&quot;:&quot;Medial 400&quot;}\">Medial 400<\/td>\n<td data-sheets-value=\"{&quot;1&quot;:2,&quot;2&quot;:&quot;Rede Medial 300 e mais: Hospital Mater Dei, Hospital Vila da Serra e Hospital Socor.&quot;}\">\n<div>\n<div>Rede Medial 300 e mais: Hospital Mater Dei, Hospital Vila da Serra e Hospital Socor.<\/div>\n<\/div>\n<\/td>\n<\/tr>\n<\/tbody>\n<\/table>\n<h2><strong>Quais s<\/strong><strong>\u00e3<\/strong><strong>o os m<\/strong><strong>\u00e9<\/strong><strong>dicos credenciados dos planos Amil em BH?<\/strong><\/h2>\n<p>Segue a lista com o nome de alguns profissionais de sa\u00fade e suas especialidades que atendem pela rede Amil.<\/p>\n<ul>\n<li>Dra. C\u00edntia Barros de Queiroz &#8211; Dermatologista<\/li>\n<li>Dra. Isabela Faria Borges &#8211; Pediatra<\/li>\n<li>Dr. Cristiano Leite Pra\u00e7a Filho &#8211; Dentista<\/li>\n<li>Dr. Marcus Vinicius de Oliveira Freitas &#8211; Oftalmologista<\/li>\n<li>Dr. Bruno Luciano Delfino Araujo &#8211; Ortopedista<\/li>\n<li>Dr. Dr. Carlos Eduardo Areal &#8211; Cirurgi\u00e3o geral<\/li>\n<li>Dra. Fl\u00e1via Amarante Cardoso &#8211; Otorrino Belo Horizonte<\/li>\n<li>Dr. Jorge Vasquez del Aguila &#8211; Cirurgi\u00e3o do aparelho digestivo<\/li>\n<li>Dra. Isabela Faria Borges &#8211; Pediatra<\/li>\n<li>Dr. Fl\u00e1vio Rodrigues Monteiro Prado &#8211; Angiologista<\/li>\n<li>Dr. Yuri Lobato &#8211; Urologista<\/li>\n<li>Geise Carvalho &#8211; Nutricionista<\/li>\n<li>Dra. Ana Luisa Sedlmaier Drumond &#8211; Psic\u00f3loga<\/li>\n<li>Dra. Patricia Da Silveira Lages &#8211; Cardiologista<\/li>\n<li>Dra. Gabriella Guelber Miranda Carvalhais Barros Vieira &#8211; Pediatra<\/li>\n<li>Dra. Daniela Silva Do Espirito Santo &#8211; Ginecologista<\/li>\n<\/ul>\n<h2><strong>Como cancelar o plano de sa<\/strong><strong>\u00fa<\/strong><strong>de Amil?<\/strong><\/h2>\n<p>Em maio de 2017, a Ag\u00eancia Nacional de Sa\u00fade (ANS) promulgou a resolu\u00e7\u00e3o normativa, 412\/2016, a qual estabeleciam regras e diretrizes sobre como cancelar plano de sa\u00fade no Brasil.<\/p>\n<p>Hoje, a ANS estabelece o prazo de at\u00e9 10 dias \u00fateis, ap\u00f3s solicita\u00e7\u00e3o, para fornecer aos seus clientes o documento comprovante de cancelamento ou exclus\u00e3o do plano que comprove tamb\u00e9m quais s\u00e3o as pend\u00eancias financeiras do plano.<\/p>\n<p>Se voc\u00ea deseja cancelar seu plano \u00e9 preciso de<\/p>\n<ul>\n<li>n\u00famero da sua carteirinha, CPF,<\/li>\n<li>ligar para\u00a0 o sac 3004-1000 para capitais e regi\u00f5es metropolitanas ou 0800-706-2363 e solicitar o cancelamento do seu plano da Amil Sa\u00fade<\/li>\n<li>confirmar os dados,<\/li>\n<li>aguardar efetiva\u00e7\u00e3o do cancelamento. O prazo \u00e9 de 5 dias \u00fateis.<\/li>\n<\/ul>\n<p>Depois disso, \u00e9 recomend\u00e1vel tamb\u00e9m que guarde o protocolo de cancelamento.<\/p>\n<h2><strong>Quanto custa o plano de sa<\/strong><strong>\u00fa<\/strong><strong>de Amil?<\/strong><\/h2>\n<p>Veja na imagem abaixo a tabela de pre\u00e7os do plano de sa\u00fade Amil em todo territ\u00f3rio nacional:<\/p>\n<p><img loading=\"lazy\" decoding=\"async\" class=\"aligncenter size-full wp-image-689\" src=\"https:\/\/www.simetriaplanosdesaude.com.br\/blog\/wp-content\/uploads\/2019\/06\/tabela-de-referencia-plano-de-saude-amil.png\" alt=\"\" width=\"603\" height=\"364\" srcset=\"https:\/\/www.simetriaplanosdesaude.com.br\/blog\/wp-content\/uploads\/2019\/06\/tabela-de-referencia-plano-de-saude-amil.png 603w, https:\/\/www.simetriaplanosdesaude.com.br\/blog\/wp-content\/uploads\/2019\/06\/tabela-de-referencia-plano-de-saude-amil-300x181.png 300w\" sizes=\"(max-width: 603px) 100vw, 603px\" \/><\/p>\n<p>Entre em contato com a\u00a0<a href=\"https:\/\/www.simetriaplanosdesaude.com.br\/\">Simetria Planos de Sa\u00fade<\/a> e fa\u00e7a um or\u00e7amento para adquirir um plano Amil em Belo Horizonte de confian\u00e7a e que ir\u00e1 fornecer os benef\u00edcios esperados.<\/p>\n<p>Cuide da sua sa\u00fade e de quem ama.<\/p>\n<p>N\u00e3o passe por problemas sem ter uma seguran\u00e7a. Conte com um plano de sa\u00fade que oferecer\u00e1 todo o suporte necess\u00e1rio em casos de urg\u00eancia e emerg\u00eancia. Previna-se e garanta uma assist\u00eancia de qualidade quanto necessitar.<\/p>\n<p>A Simetria Planos de Sa\u00fade est\u00e1 pronta para um atendimento exclusivo, que ir\u00e1 indicar o plano que est\u00e1 de acordo com sua necessidade e possibilidade de investimento.<\/p>\n","protected":false},"excerpt":{"rendered":"<p>Neste artigo conhe\u00e7a os planos de sa\u00fade da Amil em Belo Horizonte. Quais s\u00e3o os planos da Amil? O plano de sa\u00fade Amil \u00e9 uma modalidade completa que abrange todo o territ\u00f3rio nacional e ainda oferece enfermaria para interna\u00e7\u00e3o e unidade de terapia intensiva ou similar. Nesse plano voc\u00ea tem: assist\u00eancia ambulatorial, cl\u00ednica, obst\u00e9trica, e [&hellip;]<\/p>\n","protected":false},"author":1,"featured_media":475,"comment_status":"open","ping_status":"closed","sticky":false,"template":"","format":"standard","meta":{"footnotes":""},"categories":[26],"tags":[],"_links":{"self":[{"href":"https:\/\/www.simetriaplanosdesaude.com.br\/blog\/wp-json\/wp\/v2\/posts\/723"}],"collection":[{"href":"https:\/\/www.simetriaplanosdesaude.com.br\/blog\/wp-json\/wp\/v2\/posts"}],"about":[{"href":"https:\/\/www.simetriaplanosdesaude.com.br\/blog\/wp-json\/wp\/v2\/types\/post"}],"author":[{"embeddable":true,"href":"https:\/\/www.simetriaplanosdesaude.com.br\/blog\/wp-json\/wp\/v2\/users\/1"}],"replies":[{"embeddable":true,"href":"https:\/\/www.simetriaplanosdesaude.com.br\/blog\/wp-json\/wp\/v2\/comments?post=723"}],"version-history":[{"count":13,"href":"https:\/\/www.simetriaplanosdesaude.com.br\/blog\/wp-json\/wp\/v2\/posts\/723\/revisions"}],"predecessor-version":[{"id":889,"href":"https:\/\/www.simetriaplanosdesaude.com.br\/blog\/wp-json\/wp\/v2\/posts\/723\/revisions\/889"}],"wp:featuredmedia":[{"embeddable":true,"href":"https:\/\/www.simetriaplanosdesaude.com.br\/blog\/wp-json\/wp\/v2\/media\/475"}],"wp:attachment":[{"href":"https:\/\/www.simetriaplanosdesaude.com.br\/blog\/wp-json\/wp\/v2\/media?parent=723"}],"wp:term":[{"taxonomy":"category","embeddable":true,"href":"https:\/\/www.simetriaplanosdesaude.com.br\/blog\/wp-json\/wp\/v2\/categories?post=723"},{"taxonomy":"post_tag","embeddable":true,"href":"https:\/\/www.simetriaplanosdesaude.com.br\/blog\/wp-json\/wp\/v2\/tags?post=723"}],"curies":[{"name":"wp","href":"https:\/\/api.w.org\/{rel}","templated":true}]}}