{"id":847,"date":"2019-11-08T11:55:34","date_gmt":"2019-11-08T13:55:34","guid":{"rendered":"https:\/\/www.simetriaplanosdesaude.com.br\/blog\/?p=847"},"modified":"2020-01-09T12:06:32","modified_gmt":"2020-01-09T14:06:32","slug":"planos-de-saude-vale-do-rio-doce","status":"publish","type":"post","link":"https:\/\/www.simetriaplanosdesaude.com.br\/blog\/planos-de-saude-vale-do-rio-doce\/","title":{"rendered":"Planos de sa\u00fade no Vale do Rio Doce"},"content":{"rendered":"<p>Governador Valadares, Ipatinga e Coronel Fabriciano s\u00e3o as cidades mais populosas do Vale do Rio Doce.<\/p>\n<p>Se voc\u00ea mora em uma dessas cidades e procura por um bom plano de sa\u00fade, n\u00e3o deixe de ler este post.<\/p>\n<h2><strong>Sobre o atendimento m\u00e9dico e<\/strong><strong>m Governador Valadares<\/strong><\/h2>\n<p><img loading=\"lazy\" decoding=\"async\" class=\"aligncenter size-full wp-image-880\" src=\"https:\/\/www.simetriaplanosdesaude.com.br\/blog\/wp-content\/uploads\/2019\/11\/Planos-de-sa\u00fade-em-Governador-Valadares.jpg\" alt=\"\" width=\"640\" height=\"360\" srcset=\"https:\/\/www.simetriaplanosdesaude.com.br\/blog\/wp-content\/uploads\/2019\/11\/Planos-de-sa\u00fade-em-Governador-Valadares.jpg 640w, https:\/\/www.simetriaplanosdesaude.com.br\/blog\/wp-content\/uploads\/2019\/11\/Planos-de-sa\u00fade-em-Governador-Valadares-300x169.jpg 300w\" sizes=\"(max-width: 640px) 100vw, 640px\" \/><\/p>\n<p>Segundo o Minist\u00e9rio P\u00fablico, as condi\u00e7\u00f5es dos hospitais da cidade Governador Valadares se encontram fora dos padr\u00f5es necess\u00e1rios para atender os pacientes e n\u00e3o possui o n\u00famero de leitos suficiente para atender as demandas da regi\u00e3o.<\/p>\n<h2><strong>Sobre o atendimento m\u00e9dico em Ipatinga<\/strong><\/h2>\n<p><img loading=\"lazy\" decoding=\"async\" class=\"aligncenter wp-image-882\" src=\"https:\/\/www.simetriaplanosdesaude.com.br\/blog\/wp-content\/uploads\/2019\/11\/plano-de-saude-em-ipatinga-1024x682.jpg\" alt=\"\" width=\"700\" height=\"467\" srcset=\"https:\/\/www.simetriaplanosdesaude.com.br\/blog\/wp-content\/uploads\/2019\/11\/plano-de-saude-em-ipatinga-1024x682.jpg 1024w, https:\/\/www.simetriaplanosdesaude.com.br\/blog\/wp-content\/uploads\/2019\/11\/plano-de-saude-em-ipatinga-300x200.jpg 300w, https:\/\/www.simetriaplanosdesaude.com.br\/blog\/wp-content\/uploads\/2019\/11\/plano-de-saude-em-ipatinga-768x512.jpg 768w, https:\/\/www.simetriaplanosdesaude.com.br\/blog\/wp-content\/uploads\/2019\/11\/plano-de-saude-em-ipatinga-660x440.jpg 660w, https:\/\/www.simetriaplanosdesaude.com.br\/blog\/wp-content\/uploads\/2019\/11\/plano-de-saude-em-ipatinga-389x260.jpg 389w, https:\/\/www.simetriaplanosdesaude.com.br\/blog\/wp-content\/uploads\/2019\/11\/plano-de-saude-em-ipatinga-246x164.jpg 246w, https:\/\/www.simetriaplanosdesaude.com.br\/blog\/wp-content\/uploads\/2019\/11\/plano-de-saude-em-ipatinga-120x80.jpg 120w, https:\/\/www.simetriaplanosdesaude.com.br\/blog\/wp-content\/uploads\/2019\/11\/plano-de-saude-em-ipatinga.jpg 2000w\" sizes=\"(max-width: 700px) 100vw, 700px\" \/><\/p>\n<p>A situa\u00e7\u00e3o da sa\u00fade p\u00fablica em Ipatinga tamb\u00e9m n\u00e3o \u00e9 muito favor\u00e1vel. Recentemente, uma Comiss\u00e3o de Sa\u00fade P\u00fablica foi realizada para discutir falta de leitos em hospitais regionais.<\/p>\n<p>A falta de leitos para cirurgias e interna\u00e7\u00e3o nos hospitais geram a superlota\u00e7\u00e3o na UPA de Ipatinga.<\/p>\n<h2><strong>Contrata\u00e7\u00e3o de planos de sa\u00fade no\u00a0Vale do Rio Doce<\/strong><\/h2>\n<p>Se voc\u00ea n\u00e3o quer sofrer com a inefici\u00eancia do SUS no atendimento ao idoso e a demora no agendamento de exames e outros procedimentos, conhe\u00e7a os tipos de planos de sa\u00fade dispon\u00edveis para contrata\u00e7\u00e3o no Vale do Rio Doce.<\/p>\n<p>Existem 3 tipos de planos de sa\u00fade:<\/p>\n<ul>\n<li><a href=\"https:\/\/www.simetriaplanosdesaude.com.br\/blog\/plano-de-saude-familiar\/\">Plano de Sa\u00fade Familiar<\/a><\/li>\n<li><a href=\"https:\/\/www.simetriaplanosdesaude.com.br\/blog\/plano-de-saude-individual\/\">Plano de Sa\u00fade Individual<\/a><\/li>\n<li><a href=\"https:\/\/www.simetriaplanosdesaude.com.br\/blog\/plano-de-saude-empresarial\/\">Plano de Sa\u00fade Empresarial<\/a><\/li>\n<\/ul>\n<p>Confira cada um dos conv\u00eanios m\u00e9dicos abaixo:<\/p>\n<h3><strong>Planos de Sa\u00fade Empresarial no Vale do Rio Doce<\/strong><\/h3>\n<p><img loading=\"lazy\" decoding=\"async\" class=\"aligncenter wp-image-867 size-full\" src=\"https:\/\/www.simetriaplanosdesaude.com.br\/blog\/wp-content\/uploads\/2019\/11\/plano-de-saude-empresarial.jpg\" alt=\"\" width=\"700\" height=\"466\" srcset=\"https:\/\/www.simetriaplanosdesaude.com.br\/blog\/wp-content\/uploads\/2019\/11\/plano-de-saude-empresarial.jpg 700w, https:\/\/www.simetriaplanosdesaude.com.br\/blog\/wp-content\/uploads\/2019\/11\/plano-de-saude-empresarial-300x200.jpg 300w, https:\/\/www.simetriaplanosdesaude.com.br\/blog\/wp-content\/uploads\/2019\/11\/plano-de-saude-empresarial-660x440.jpg 660w, https:\/\/www.simetriaplanosdesaude.com.br\/blog\/wp-content\/uploads\/2019\/11\/plano-de-saude-empresarial-389x260.jpg 389w, https:\/\/www.simetriaplanosdesaude.com.br\/blog\/wp-content\/uploads\/2019\/11\/plano-de-saude-empresarial-246x164.jpg 246w, https:\/\/www.simetriaplanosdesaude.com.br\/blog\/wp-content\/uploads\/2019\/11\/plano-de-saude-empresarial-120x80.jpg 120w\" sizes=\"(max-width: 700px) 100vw, 700px\" \/><\/p>\n<p>Esse \u00e9 um tipo de plano adotado pela grande maioria de empres\u00e1rios que possuem mais de dois colaboradores.<\/p>\n<p>O plano de sa\u00fade empresarial abrange tamb\u00e9m aos familiares dos funcion\u00e1rios, que entram na cobertura do plano como seus dependentes.<\/p>\n<p>Mas o que mais chama aten\u00e7\u00e3o a esse plano \u00e9 a vantagem de ser um plano com um pre\u00e7o inicial bastante acess\u00edvel.<\/p>\n<p>Trata-se de valores \u00a0bem menores ao de plano contratado por pessoa f\u00edsica, al\u00e9m de ter a op\u00e7\u00e3o de ser com ou sem coparticipa\u00e7\u00e3o.<\/p>\n<h3><strong>Planos de Sa\u00fade Familiar no Vale do Rio Doce<\/strong><\/h3>\n<p><img loading=\"lazy\" decoding=\"async\" class=\"aligncenter size-full wp-image-868\" src=\"https:\/\/www.simetriaplanosdesaude.com.br\/blog\/wp-content\/uploads\/2019\/11\/plano-de-saude-familiar.jpg\" alt=\"\" width=\"700\" height=\"466\" srcset=\"https:\/\/www.simetriaplanosdesaude.com.br\/blog\/wp-content\/uploads\/2019\/11\/plano-de-saude-familiar.jpg 700w, https:\/\/www.simetriaplanosdesaude.com.br\/blog\/wp-content\/uploads\/2019\/11\/plano-de-saude-familiar-300x200.jpg 300w, https:\/\/www.simetriaplanosdesaude.com.br\/blog\/wp-content\/uploads\/2019\/11\/plano-de-saude-familiar-660x440.jpg 660w, https:\/\/www.simetriaplanosdesaude.com.br\/blog\/wp-content\/uploads\/2019\/11\/plano-de-saude-familiar-389x260.jpg 389w, https:\/\/www.simetriaplanosdesaude.com.br\/blog\/wp-content\/uploads\/2019\/11\/plano-de-saude-familiar-246x164.jpg 246w, https:\/\/www.simetriaplanosdesaude.com.br\/blog\/wp-content\/uploads\/2019\/11\/plano-de-saude-familiar-120x80.jpg 120w\" sizes=\"(max-width: 700px) 100vw, 700px\" \/><\/p>\n<p>O plano de sa\u00fade familiar \u00e9 feito sob medida para voc\u00ea e sua fam\u00edlia. Neste plano, um dos benef\u00edcios que voc\u00ea encontra \u00e9 o fato de ser um plano extensivo a seus dependentes, com produtos espec\u00edficos para cada membro de sua fam\u00edlia.<\/p>\n<p>No plano de sa\u00fade familiar h\u00e1 o titular, que se responsabiliza pelo plano e inclui os dependentes. Os dependentes geralmente s\u00e3o esposa\/esposo e filhos.<\/p>\n<p>\u00c9 poss\u00edvel tamb\u00e9m, ao titular, incluir parentes de segundo ou terceiro graus, desde que seja comprovada a depend\u00eancia financeira.<\/p>\n<h3><strong>Planos de Sa\u00fade Individual no Vale do Rio Doce<\/strong><\/h3>\n<p><img loading=\"lazy\" decoding=\"async\" class=\"aligncenter wp-image-869 size-full\" src=\"https:\/\/www.simetriaplanosdesaude.com.br\/blog\/wp-content\/uploads\/2019\/11\/plano-de-saude-para-terceira-idade.jpg\" alt=\"\" width=\"700\" height=\"466\" srcset=\"https:\/\/www.simetriaplanosdesaude.com.br\/blog\/wp-content\/uploads\/2019\/11\/plano-de-saude-para-terceira-idade.jpg 700w, https:\/\/www.simetriaplanosdesaude.com.br\/blog\/wp-content\/uploads\/2019\/11\/plano-de-saude-para-terceira-idade-300x200.jpg 300w, https:\/\/www.simetriaplanosdesaude.com.br\/blog\/wp-content\/uploads\/2019\/11\/plano-de-saude-para-terceira-idade-660x440.jpg 660w, https:\/\/www.simetriaplanosdesaude.com.br\/blog\/wp-content\/uploads\/2019\/11\/plano-de-saude-para-terceira-idade-389x260.jpg 389w, https:\/\/www.simetriaplanosdesaude.com.br\/blog\/wp-content\/uploads\/2019\/11\/plano-de-saude-para-terceira-idade-246x164.jpg 246w, https:\/\/www.simetriaplanosdesaude.com.br\/blog\/wp-content\/uploads\/2019\/11\/plano-de-saude-para-terceira-idade-120x80.jpg 120w\" sizes=\"(max-width: 700px) 100vw, 700px\" \/><\/p>\n<p>Se voc\u00ea \u00e9 uma pessoa independente, que vive s\u00f3 e n\u00e3o tem filhos, tampouco dependentes diretos, mas que cuida de sua sa\u00fade e, portanto, faz sempre consultas m\u00e9dicas, cirurgias, servi\u00e7os odontol\u00f3gicos, al\u00e9m de exames laboratoriais de baixa e m\u00e9dia complexidade, o plano de sa\u00fade individual se adequa perfeitamente a voc\u00ea, um pessoa ativa, que cuida da sa\u00fade e, por isso, quer desfrutar de atendimentos m\u00e9dicos.<\/p>\n<h3><strong>Planos de Sa\u00fade por Ades\u00e3o no Vale do Rio Doce<\/strong><\/h3>\n<p><img loading=\"lazy\" decoding=\"async\" class=\"aligncenter size-full wp-image-600\" src=\"https:\/\/www.simetriaplanosdesaude.com.br\/blog\/wp-content\/uploads\/2019\/08\/planos-coletivo-por-adesao.jpg\" alt=\"\" width=\"700\" height=\"466\" srcset=\"https:\/\/www.simetriaplanosdesaude.com.br\/blog\/wp-content\/uploads\/2019\/08\/planos-coletivo-por-adesao.jpg 700w, https:\/\/www.simetriaplanosdesaude.com.br\/blog\/wp-content\/uploads\/2019\/08\/planos-coletivo-por-adesao-300x200.jpg 300w, https:\/\/www.simetriaplanosdesaude.com.br\/blog\/wp-content\/uploads\/2019\/08\/planos-coletivo-por-adesao-660x440.jpg 660w, https:\/\/www.simetriaplanosdesaude.com.br\/blog\/wp-content\/uploads\/2019\/08\/planos-coletivo-por-adesao-389x260.jpg 389w, https:\/\/www.simetriaplanosdesaude.com.br\/blog\/wp-content\/uploads\/2019\/08\/planos-coletivo-por-adesao-246x164.jpg 246w, https:\/\/www.simetriaplanosdesaude.com.br\/blog\/wp-content\/uploads\/2019\/08\/planos-coletivo-por-adesao-120x80.jpg 120w\" sizes=\"(max-width: 700px) 100vw, 700px\" \/><\/p>\n<p>De acordo com a ag\u00eancia Nacional de Sa\u00fade Complementar &#8211; ANS, os planos de sa\u00fade coletivos por ades\u00e3o s\u00e3o contratados por pessoas jur\u00eddicas de car\u00e1ter profissional, classista ou setorial, como conselhos, sindicatos e associa\u00e7\u00f5es profissionais.<\/p>\n<p>Os planos de sa\u00fade por ades\u00e3o visam ao atendimento de pessoas f\u00edsicas ou aut\u00f4nomas vinculadas a uma associa\u00e7\u00e3o com sindicados.<\/p>\n<p>Essa vincula\u00e7\u00e3o se faz em raz\u00e3o de que muitos planos de sa\u00fade n\u00e3o ter a op\u00e7\u00e3o da pessoa f\u00edsica contratar o plano sem que ela esteja vinculada a qualquer associa\u00e7\u00e3o.<\/p>\n<h2><strong>Quais s\u00e3o os melhores planos de sa\u00fade em Vale do Rio Doce?<\/strong><\/h2>\n<p>O Vale do Rio Doce \u00e9 o lugar onde voc\u00ea vai encontrar as maiores e melhores seguradoras do Brasil.<\/p>\n<h3><strong>Plano de sa\u00fade Unimed<\/strong><\/h3>\n<p>A Unimed Ipatinga \u00e9 uma operadora que trabalha com sistema de m\u00e9dicos cooperados e conta com uma ampla rede de atendimento por todo o pa\u00eds. Ela \u00e9 destaque na forma como atua garantindo \u00f3timos servi\u00e7os aos seus benefici\u00e1rios.<\/p>\n<h3><strong>Plano de sa\u00fade Amil<\/strong><\/h3>\n<p>A operadora \u00e9 uma das maiores do pa\u00eds e visa proporcionar a seus clientes uma melhor qualidade de vida. Por isso, a Amil Ipatinga atua de forma preventiva, evitando que doen\u00e7as graves se manifestem e auxiliando a ter uma vida mais equilibrada.<\/p>\n<h3><strong>Plano de sa\u00fade SulAm\u00e9rica<\/strong><\/h3>\n<p>Com uma forte atua\u00e7\u00e3o no mercado de seguros em geral, ela n\u00e3o faz diferente quando o assunto \u00e9 plano de sa\u00fade. A SulAm\u00e9rica Ipatinga conta com uma rede de profissionais capacitados e cl\u00ednicas e hospitais renomados por todo o pa\u00eds.<\/p>\n<h3><strong>Plano de sa\u00fade Bradesco<\/strong><\/h3>\n<p>Ela \u00e9 l\u00edder no seu segmento e muito bem-conceituada. Seu foco est\u00e1 em proporcionar os melhores servi\u00e7os na \u00e1rea de sa\u00fade aliados a um atendimento diferenciado. Para isso o investimento em tecnologia e na capacita\u00e7\u00e3o de seus profissionais \u00e9 constante na Bradesco Sa\u00fade Ipatinga.<\/p>\n<p>Se voc\u00ea est\u00e1 interessado em fazer a sua cota\u00e7\u00e3o e se aderir a um Plano de Sa\u00fade na regi\u00e3o, fale com a SIMETRIA. Estamos aqui \u00e0 sua disposi\u00e7\u00e3o!<\/p>\n","protected":false},"excerpt":{"rendered":"<p>Governador Valadares, Ipatinga e Coronel Fabriciano s\u00e3o as cidades mais populosas do Vale do Rio Doce. Se voc\u00ea mora em uma dessas cidades e procura por um bom plano de sa\u00fade, n\u00e3o deixe de ler este post. Sobre o atendimento m\u00e9dico em Governador Valadares Segundo o Minist\u00e9rio P\u00fablico, as condi\u00e7\u00f5es dos hospitais da cidade Governador [&hellip;]<\/p>\n","protected":false},"author":1,"featured_media":880,"comment_status":"open","ping_status":"closed","sticky":false,"template":"","format":"standard","meta":{"footnotes":""},"categories":[26],"tags":[],"_links":{"self":[{"href":"https:\/\/www.simetriaplanosdesaude.com.br\/blog\/wp-json\/wp\/v2\/posts\/847"}],"collection":[{"href":"https:\/\/www.simetriaplanosdesaude.com.br\/blog\/wp-json\/wp\/v2\/posts"}],"about":[{"href":"https:\/\/www.simetriaplanosdesaude.com.br\/blog\/wp-json\/wp\/v2\/types\/post"}],"author":[{"embeddable":true,"href":"https:\/\/www.simetriaplanosdesaude.com.br\/blog\/wp-json\/wp\/v2\/users\/1"}],"replies":[{"embeddable":true,"href":"https:\/\/www.simetriaplanosdesaude.com.br\/blog\/wp-json\/wp\/v2\/comments?post=847"}],"version-history":[{"count":3,"href":"https:\/\/www.simetriaplanosdesaude.com.br\/blog\/wp-json\/wp\/v2\/posts\/847\/revisions"}],"predecessor-version":[{"id":883,"href":"https:\/\/www.simetriaplanosdesaude.com.br\/blog\/wp-json\/wp\/v2\/posts\/847\/revisions\/883"}],"wp:featuredmedia":[{"embeddable":true,"href":"https:\/\/www.simetriaplanosdesaude.com.br\/blog\/wp-json\/wp\/v2\/media\/880"}],"wp:attachment":[{"href":"https:\/\/www.simetriaplanosdesaude.com.br\/blog\/wp-json\/wp\/v2\/media?parent=847"}],"wp:term":[{"taxonomy":"category","embeddable":true,"href":"https:\/\/www.simetriaplanosdesaude.com.br\/blog\/wp-json\/wp\/v2\/categories?post=847"},{"taxonomy":"post_tag","embeddable":true,"href":"https:\/\/www.simetriaplanosdesaude.com.br\/blog\/wp-json\/wp\/v2\/tags?post=847"}],"curies":[{"name":"wp","href":"https:\/\/api.w.org\/{rel}","templated":true}]}}