{"id":901,"date":"2019-11-15T15:32:12","date_gmt":"2019-11-15T17:32:12","guid":{"rendered":"https:\/\/www.simetriaplanosdesaude.com.br\/blog\/?p=901"},"modified":"2020-07-06T11:05:42","modified_gmt":"2020-07-06T14:05:42","slug":"promed-empresarial","status":"publish","type":"post","link":"https:\/\/www.simetriaplanosdesaude.com.br\/blog\/promed-empresarial\/","title":{"rendered":"Promed Empresarial: guia completo sobre o plano de sa\u00fade para empresas"},"content":{"rendered":"<p>O <a href=\"https:\/\/www.simetriaplanosdesaude.com.br\/plano-de-saude-promed\">plano de sa\u00fade <\/a><strong><a href=\"https:\/\/www.simetriaplanosdesaude.com.br\/blog\/plano-de-saude-promed\/\">Promed<\/a> empresarial<\/strong> \u00e9 um dos mais respeitados e renomados de todo o estado de Minas Gerais, conhecido pelos altos \u00edndices de satisfa\u00e7\u00e3o de seus benefici\u00e1rios.<\/p>\n<p>No mercado h\u00e1 mais de 20 anos, a Promed assumiu o compromisso de prover aos seus mais de 100.000 benefici\u00e1rios qualidade de vida, sa\u00fade e tranquilidade atrav\u00e9s de uma ampla rede credenciada e do trabalho dos melhores profissionais.<\/p>\n<p>Atualmente a Promed atende mais de 9.000 empresas clientes, com uma estrutura de mais de 3.000 hospitais, cl\u00ednicas, consult\u00f3rios e laborat\u00f3rios credenciados.<\/p>\n<p>Veja a seguir o porqu\u00ea contratar uma das modalidades do plano de sa\u00fade empresarial da operadora de sa\u00fade Promed pode ser uma boa op\u00e7\u00e3o para compor o pacote de benef\u00edcios da sua empresa.<\/p>\n<h2>Sobre o plano de sa\u00fade Promed<\/h2>\n<p>No final dos anos de 1960, com o n\u00famero de trabalhadores crescendo em todo Brasil, os planos de sa\u00fade surgiram para atender toda essa popula\u00e7\u00e3o. Dentre eles um se destaca\u00a0 com o prop\u00f3sito e a convic\u00e7\u00e3o\u00a0 de que o acesso \u00e0 sa\u00fade deve ser uma garantia natural: a <strong>Promed<\/strong>. \u00a0Desde ent\u00e3o, a preocupa\u00e7\u00e3o com a assist\u00eancia m\u00e9dica \u00e9 um de seus pilares.<\/p>\n<p>Para se considerar se um plano de sa\u00fade \u00e9 bom, basta observar a satisfa\u00e7\u00e3o dos clientes e os tipos de cobertura.<\/p>\n<p>O que faz da <strong>Promed<\/strong> ser um bom plano de sa\u00fade \u00e9 que a rede possui<\/p>\n<ul>\n<li>clientes sempre atendidos com rapidez,<\/li>\n<li>um cat\u00e1logo\u00a0 com boas cl\u00ednicas e hospitais,<\/li>\n<li>corpo cl\u00ednico, especialmente de m\u00e9dicos, que fazem uma boa consulta, com diagn\u00f3sticos sempre assertivos, precisos e de qualidade,<\/li>\n<li>rede de laborat\u00f3rios que possam atender a demanda.<\/li>\n<\/ul>\n<h2><strong>Quais s<\/strong><strong>\u00e3<\/strong><strong>o os planos da Promed Empresarial?<\/strong><\/h2>\n<p>A Promed oferece diversas op\u00e7\u00f5es de <a href=\"https:\/\/www.simetriaplanosdesaude.com.br\/blog\/plano-de-saude-empresarial\/\">plano de sa\u00fade empresarial<\/a> que unem atendimento de qualidade e rela\u00e7\u00e3o custo benef\u00edcio altamente interessantes para empresas de todos os tamanhos.<\/p>\n<ol>\n<li>O <strong>SLIM<\/strong>, com consulta nos centros m\u00e9dicos, consult\u00f3rios e com pronto atendimento. Voc\u00ea pode fazer exames, fisioterapia e terapia.<\/li>\n<li>O <strong>SELECT<\/strong>, com consulta nos centros m\u00e9dicos, consult\u00f3rios, cl\u00ednicas e pronto atendimento. Voc\u00ea pode fazer exame simples, especiais, sess\u00f5es de fisioterapia, e terapia, al\u00e9m de interna\u00e7\u00e3o em enfermaria ou apartamento.<\/li>\n<li>O <strong>LIFE<\/strong>, com consulta nos centros m\u00e9dicos Proclin, em consult\u00f3rios\/cl\u00ednicas e no pronto atendimento. O <strong>LIFE<\/strong> tamb\u00e9m oferece exames simples e especiais, sess\u00f5es de fisioterapia e terapia, al\u00e9m de interna\u00e7\u00e3o em enfermaria ou apartamento.<\/li>\n<li>O <strong>COMFORT<\/strong>, com consulta nos centros m\u00e9dicos Proclin, consult\u00f3rios\/cl\u00ednicas e no pronto atendimento. exames simples, especiais, sess\u00f5es de fisioterapia e terapia, procedimento ambulatorial e interna\u00e7\u00e3o enfermaria ou apartamento.<\/li>\n<li>O <strong>GOLD<\/strong>, com consulta nos centros m\u00e9dicos Proclin, consult\u00f3rios\/cl\u00ednicas e no pronto atendimento. Realiza\u00e7\u00e3o de exames simples, especiais, sess\u00f5es de fisioterapia e terapia, procedimento ambulatorial e interna\u00e7\u00e3o em enfermaria ou apartamento. Al\u00e9m disso, esse plano tamb\u00e9m oferece Cobertura ambulatorial, hospitalar e obst\u00e9trica com ou sem coparticipa\u00e7\u00e3o.<\/li>\n<\/ol>\n<p>Para qualquer plano que escolher, voc\u00ea ter\u00e1 atendimento eletivo em Belo Horizonte e regi\u00e3o metropolitana pela rede Ampla e atendimento de urg\u00eancia e emerg\u00eancia nacional.<\/p>\n<h2>Rede credenciada Promed empresarial<\/h2>\n<p>A Promed oferece um plano de sa\u00fade empresarial\u00a0 que atende\u00a0 as necessidades e expectativas da sua empresa.<\/p>\n<p>E todos os planos empresariais est\u00e3o de acordo com o ROL de Procedimentos da Ag\u00eancia Nacional de Sa\u00fade Suplementar &#8211; ANS.<\/p>\n<p>Vale ressaltar que a melhor maneira de conferir a presta\u00e7\u00e3o de servi\u00e7o de uma empresa \u00e9 buscando informa\u00e7\u00f5es sobre ela.<\/p>\n<p>E quem faz isso encontra cada vez mais o profissionalismo e a preocupa\u00e7\u00e3o da <strong>Promed.<\/strong><\/p>\n<p>Por isso, que a <strong>Promed <\/strong>tem em seu curr\u00edculo o Selo RA1000 de Excel\u00eancia de Atendimento no site Reclame Aqui.<\/p>\n<p>Outro destaque da empresa \u00e9 ser classificado\u00a0 como uma dos melhores planos de sa\u00fade do Brasil.<\/p>\n<p>E, nesse item, a <strong>Promed<\/strong> obteve excelente reputa\u00e7\u00e3o, em\u00a0 rela\u00e7\u00e3o \u00e0 porcentagem de reclama\u00e7\u00f5es respondidas, ao n\u00famero de avalia\u00e7\u00f5es, e, consequentemente com as melhores solu\u00e7\u00f5es.<\/p>\n<p>Al\u00e9m disso, a<strong> Promed<\/strong> tem uma equipe direta e \u00e0 disposi\u00e7\u00e3o dos clientes para\u00a0 atend\u00ea-los, buscando sempre a melhor maneira de solucionar suas d\u00favidas.<\/p>\n<p>Entre em contato com a <a href=\"https:\/\/www.simetriaplanosdesaude.com.br\/solicite-seu-orcamento\">Central de Atendimento Simetria<\/a> e solicite mais informa\u00e7\u00f5es para conhecer a rede credenciada do plano de sa\u00fade Promed empresarial.<\/p>\n<h2>Cobertura e car\u00eancia<\/h2>\n<p>Antes de contratar um plano de sa\u00fade para sua empresa \u00e9 importante ter claros os prazos de <a href=\"https:\/\/www.simetriaplanosdesaude.com.br\/blog\/carencia-plano-de-saude\/\">car\u00eancia<\/a> para que os seus funcion\u00e1rios possam usufruir desse benef\u00edcio sem transtornos e surpresas.<\/p>\n<p>Tamb\u00e9m \u00e9 preciso muito claro para todos os benefici\u00e1rios o que est\u00e1 coberto pelo <a href=\"https:\/\/www.simetriaplanosdesaude.com.br\/\">plano de sa\u00fade<\/a>, e o que n\u00e3o est\u00e1.<\/p>\n<p>Veja a seguir os prazos de car\u00eancia e as coberturas dispon\u00edveis no plano de sa\u00fade Promed empresarial:<\/p>\n<ul>\n<li>Doen\u00e7as pr\u00e9-existentes \u2013 2 anos;<\/li>\n<li>Parto \u2013 300 dias;<\/li>\n<li>Exames especiais, cirurgias e interna\u00e7\u00f5es \u2013 180 dias;<\/li>\n<li>Exames e consultas de rotina \u2013 30 dias;<\/li>\n<li>Urg\u00eancias e emerg\u00eancias \u2013 24 horas.<\/li>\n<\/ul>\n<p>Ter ci\u00eancia desses prazos evita que voc\u00ea procure atendimento e tenha que ficar esperando at\u00e9 que o prazo de car\u00eancia se esgote.<\/p>\n<p><img loading=\"lazy\" decoding=\"async\" class=\"aligncenter size-full wp-image-502\" src=\"https:\/\/www.simetriaplanosdesaude.com.br\/blog\/wp-content\/uploads\/2019\/07\/promed-planos-de-saude-reclame-aqui.jpg\" alt=\"\" width=\"762\" height=\"512\" srcset=\"https:\/\/www.simetriaplanosdesaude.com.br\/blog\/wp-content\/uploads\/2019\/07\/promed-planos-de-saude-reclame-aqui.jpg 762w, https:\/\/www.simetriaplanosdesaude.com.br\/blog\/wp-content\/uploads\/2019\/07\/promed-planos-de-saude-reclame-aqui-300x202.jpg 300w, https:\/\/www.simetriaplanosdesaude.com.br\/blog\/wp-content\/uploads\/2019\/07\/promed-planos-de-saude-reclame-aqui-389x260.jpg 389w, https:\/\/www.simetriaplanosdesaude.com.br\/blog\/wp-content\/uploads\/2019\/07\/promed-planos-de-saude-reclame-aqui-246x164.jpg 246w, https:\/\/www.simetriaplanosdesaude.com.br\/blog\/wp-content\/uploads\/2019\/07\/promed-planos-de-saude-reclame-aqui-120x80.jpg 120w\" sizes=\"(max-width: 762px) 100vw, 762px\" \/><\/p>\n<h2>Valores de coparticipa\u00e7\u00e3o da Promed<\/h2>\n<p>\u00c9 poss\u00edvel contratar o plano de sa\u00fade Promed empresarial no sistema de coparticipa\u00e7\u00e3o, onde o benefici\u00e1rio paga uma parte do valor do atendimento a operadora.<\/p>\n<p>Abaixo voc\u00ea encontra a tabela de coparticipa\u00e7\u00e3o do plano de sa\u00fade Promed empresarial nos m\u00f3dulos Life, Comfort:<\/p>\n<ul>\n<li>Consulta em Rede Pr\u00f3pria &#8211; R$ 15,90<\/li>\n<li>Consultas Consult\u00f3rio\/Cl\u00ednica &#8211; R$ 29,90<\/li>\n<li>Consulta em Hospital &#8211; R$ 42,50<\/li>\n<li>Exames Simples &#8211; R$ 12,90<\/li>\n<li>Fisioterapia (sess\u00e3o) &#8211; R$ 7,80<\/li>\n<li>Terapias e Exames Especiais &#8211; R$ 45,00<\/li>\n<li>Procedimentos Ambulatoriais &#8211; R$ 45,00<\/li>\n<li>Taxa Interna\u00e7\u00e3o Enfermaria &#8211; R$ 90,00<\/li>\n<li>Taxa Interna\u00e7\u00e3o Apartamento &#8211; R$ 150,00<\/li>\n<\/ul>\n<p>No m\u00f3dulo Select os valores de coparticipa\u00e7\u00e3o s\u00e3o um pouco reduzidos:<\/p>\n<ul>\n<li>Consulta em Rede Pr\u00f3pria &#8211; R$ 9,98<\/li>\n<li>Consultas Consult\u00f3rio\/Cl\u00ednica &#8211; R$ 18,00<\/li>\n<li>Consulta em Hospital &#8211; R$ 28,50<\/li>\n<li>Exames Especiais &#8211; R$ 8,50<\/li>\n<li>Fisioterapia (sess\u00e3o) &#8211; R$ 5,50<\/li>\n<li>Terapias e Exames Especiais &#8211; R$ 25,00<\/li>\n<li>Procedimentos Ambulatoriais &#8211; R$ 25,00<\/li>\n<li>Taxa Interna\u00e7\u00e3o Enfermaria &#8211; R$ 50,00<\/li>\n<li>Taxa Interna\u00e7\u00e3o Apartamento &#8211; R$ 80,00<\/li>\n<\/ul>\n<p>A Promed pratica <a href=\"https:\/\/www.simetriaplanosdesaude.com.br\/blog\/preco-planos-de-saude\/\">pre\u00e7os de planos de sa\u00fade<\/a> competitivos que tornam vi\u00e1vel que a grande maioria das empresas contrate um conv\u00eanio m\u00e9dico para seus colaboradores.<\/p>\n<h2>Cota\u00e7\u00e3o do plano Promed empresarial<\/h2>\n<p>Voc\u00ea j\u00e1 sabe que com sa\u00fade n\u00e3o se brinca, e oferecer esse tipo de benef\u00edcio para todos os seus colaboradores pode se tornar um investimento altamente vantajoso para a sua empresa.<\/p>\n<p>Afinal, com funcion\u00e1rios mais tranquilos e satisfeitos a produtividade do seu neg\u00f3cio aumenta muito, melhorando suas margens, se tornando tamb\u00e9m um fator importante na reten\u00e7\u00e3o de aquisi\u00e7\u00e3o de talentos.<\/p>\n<p>Contratando o plano <strong>Promed empresarial<\/strong> voc\u00ea atribui todos esses fatores ao seu neg\u00f3cio, aumentando seu valor percebido perante a concorr\u00eancia.<\/p>\n<p><a href=\"https:\/\/www.simetriaplanosdesaude.com.br\/solicite-seu-orcamento\">Fale agora mesmo com a Central de Atendimento<\/a> Simetria Planos de Sa\u00fade para encontrar as melhores op\u00e7\u00f5es de planos de sa\u00fade empresarial, de acordo com as necessidades do seu neg\u00f3cio, e solicite sua cota\u00e7\u00e3o.<\/p>\n","protected":false},"excerpt":{"rendered":"<p>O plano de sa\u00fade Promed empresarial \u00e9 um dos mais respeitados e renomados de todo o estado de Minas Gerais, conhecido pelos altos \u00edndices de satisfa\u00e7\u00e3o de seus benefici\u00e1rios. No mercado h\u00e1 mais de 20 anos, a Promed assumiu o compromisso de prover aos seus mais de 100.000 benefici\u00e1rios qualidade de vida, sa\u00fade e tranquilidade [&hellip;]<\/p>\n","protected":false},"author":1,"featured_media":504,"comment_status":"closed","ping_status":"closed","sticky":false,"template":"","format":"standard","meta":{"footnotes":""},"categories":[24],"tags":[],"_links":{"self":[{"href":"https:\/\/www.simetriaplanosdesaude.com.br\/blog\/wp-json\/wp\/v2\/posts\/901"}],"collection":[{"href":"https:\/\/www.simetriaplanosdesaude.com.br\/blog\/wp-json\/wp\/v2\/posts"}],"about":[{"href":"https:\/\/www.simetriaplanosdesaude.com.br\/blog\/wp-json\/wp\/v2\/types\/post"}],"author":[{"embeddable":true,"href":"https:\/\/www.simetriaplanosdesaude.com.br\/blog\/wp-json\/wp\/v2\/users\/1"}],"replies":[{"embeddable":true,"href":"https:\/\/www.simetriaplanosdesaude.com.br\/blog\/wp-json\/wp\/v2\/comments?post=901"}],"version-history":[{"count":14,"href":"https:\/\/www.simetriaplanosdesaude.com.br\/blog\/wp-json\/wp\/v2\/posts\/901\/revisions"}],"predecessor-version":[{"id":1287,"href":"https:\/\/www.simetriaplanosdesaude.com.br\/blog\/wp-json\/wp\/v2\/posts\/901\/revisions\/1287"}],"wp:featuredmedia":[{"embeddable":true,"href":"https:\/\/www.simetriaplanosdesaude.com.br\/blog\/wp-json\/wp\/v2\/media\/504"}],"wp:attachment":[{"href":"https:\/\/www.simetriaplanosdesaude.com.br\/blog\/wp-json\/wp\/v2\/media?parent=901"}],"wp:term":[{"taxonomy":"category","embeddable":true,"href":"https:\/\/www.simetriaplanosdesaude.com.br\/blog\/wp-json\/wp\/v2\/categories?post=901"},{"taxonomy":"post_tag","embeddable":true,"href":"https:\/\/www.simetriaplanosdesaude.com.br\/blog\/wp-json\/wp\/v2\/tags?post=901"}],"curies":[{"name":"wp","href":"https:\/\/api.w.org\/{rel}","templated":true}]}}