{"id":905,"date":"2019-11-20T17:45:28","date_gmt":"2019-11-20T19:45:28","guid":{"rendered":"https:\/\/www.simetriaplanosdesaude.com.br\/blog\/?p=905"},"modified":"2020-01-22T12:19:03","modified_gmt":"2020-01-22T14:19:03","slug":"plano-de-saude-empresarial-bh","status":"publish","type":"post","link":"https:\/\/www.simetriaplanosdesaude.com.br\/blog\/plano-de-saude-empresarial-bh\/","title":{"rendered":"Plano de sa\u00fade empresarial em Belo Horizonte"},"content":{"rendered":"<p>Como o pr\u00f3prio nome j\u00e1 indica, os <a href=\"https:\/\/www.simetriaplanosdesaude.com.br\/\">planos de sa\u00fade<\/a> empresariais s\u00e3o aqueles contratados por pessoas jur\u00eddicas (empreendedores, sindicatos ou associa\u00e7\u00f5es) para fornecer sa\u00fade de qualidade aos funcion\u00e1rios e colaboradores de uma determinada empresa.<\/p>\n<p>Neste artigo descubra quais s\u00e3o os <strong><a href=\"https:\/\/www.simetriaplanosdesaude.com.br\/blog\/melhores-planos-de-saude\/\">melhores planos de sa\u00fade<\/a> empresariais em Belo Horizonte<\/strong>.<\/p>\n<h2><strong>O que \u00e9 um plano de sa\u00fade empresarial?<\/strong><\/h2>\n<p>De acordo com a ANS, Ag\u00eancia Nacional de Sa\u00fade Suplementar, o <a href=\"https:\/\/www.simetriaplanosdesaude.com.br\/blog\/plano-de-saude-empresarial\">Plano de Sa\u00fade Empresarial<\/a> \u00e9 um<\/p>\n<blockquote><p>\u201cplano privado de assist\u00eancia \u00e0 sa\u00fade que oferece cobertura da aten\u00e7\u00e3o prestada \u00e0 popula\u00e7\u00e3o delimitada e vinculada \u00e0 pessoa jur\u00eddica por rela\u00e7\u00e3o empregat\u00edcia ou estatut\u00e1ria.\u201d<\/p><\/blockquote>\n<p>O Plano de Sa\u00fade para Empresas \u00e9 formalizado com um contrato de plano de sa\u00fade coletivo empresarial, um instrumento jur\u00eddico, firmado legalmente por pessoa jur\u00eddica, que oferece cobertura da aten\u00e7\u00e3o \u00e0 sa\u00fade prestada \u00e0 popula\u00e7\u00e3o delimitada e a ela vinculada por rela\u00e7\u00e3o empregat\u00edcia ou estatut\u00e1ria.<\/p>\n<p>Dessa forma, cuidar da sa\u00fade dos seus colaboradores j\u00e1 se tornou quest\u00e3o indispens\u00e1vel ao empresariado mineiro. Por isso, que entender sobre plano de sa\u00fade empresarial \u00e9 importante<\/p>\n<p>Para come\u00e7ar, essa modalidade de plano consiste em oferecer aos colaboradores<\/p>\n<ul>\n<li>assist\u00eancia m\u00e9dica,<\/li>\n<li>servi\u00e7os laboratoriais, entre outros itens.<\/li>\n<\/ul>\n<p>Que ser\u00e1 um excelente investimento, isso \u00e9 certo.\u00a0 Agora resta fazer a escolha pelo melhor, pois, o \u00a0mercado oferece muitas op\u00e7\u00f5es de cobertura e rede de servi\u00e7os de sa\u00fade.<\/p>\n<p>Em primeiro lugar \u00e9 preciso\u00a0 considerar as vantagens de um e de outro, dentre elas:<\/p>\n<ul>\n<li>poder contratar um plano empresarial a partir de tr\u00eas colaboradores,<\/li>\n<li>despertar interesse e motiva\u00e7\u00e3o nos colaboradores, uma vez que muitos planos abrangem as fam\u00edlias dos funcion\u00e1rios,<\/li>\n<li>contar sempre com a equipe, uma vez que os colaboradores ter\u00e3o tratamento e acompanhamento m\u00e9dico, o que reduz afastamentos, faltas e licen\u00e7as,<\/li>\n<li>receber dedu\u00e7\u00e3o do imposto do\u00a0 valor\u00a0 pago ao plano de sa\u00fade,<\/li>\n<li>empres\u00e1rios, profissionais liberais ou microempreendedores podem contratar o plano de sa\u00fade, mediante o CNPJ.<\/li>\n<\/ul>\n<p>Os Planos de Sa\u00fade Empresarial geralmente s\u00e3o divididos por categorias, de acordo com o n\u00famero de vidas. Por exemplo: de 2 a 29 vidas, de 30 a 99 vidas e acima de 100 vidas<\/p>\n<p>Um aspecto importante dos Planos de Sa\u00fade Empresarial est\u00e1 relacionado aos tipos de coberturas.<\/p>\n<p>Ao contratar um plano \u00e9 preciso verificar o que ele cobre.<\/p>\n<h2><strong>Qual \u00e9 a cobertura do plano de sa\u00fade empresarial em BH?<\/strong><\/h2>\n<p><img loading=\"lazy\" decoding=\"async\" class=\"aligncenter wp-image-713 size-full\" src=\"https:\/\/www.simetriaplanosdesaude.com.br\/blog\/wp-content\/uploads\/2019\/08\/plano-de-saude-para-empresas.jpg\" alt=\"\" width=\"700\" height=\"350\" srcset=\"https:\/\/www.simetriaplanosdesaude.com.br\/blog\/wp-content\/uploads\/2019\/08\/plano-de-saude-para-empresas.jpg 700w, https:\/\/www.simetriaplanosdesaude.com.br\/blog\/wp-content\/uploads\/2019\/08\/plano-de-saude-para-empresas-300x150.jpg 300w\" sizes=\"(max-width: 700px) 100vw, 700px\" \/><\/p>\n<p>As coberturas mais comuns nos planos de sa\u00fade empresariais s\u00e3o:<\/p>\n<ul>\n<li>consultas irrestritas durante o m\u00eas,<\/li>\n<li>libera\u00e7\u00e3o para realiza\u00e7\u00e3o de exames laboratoriais e, principalmente, de imagens,<\/li>\n<li>ap\u00f3s car\u00eancia, libera\u00e7\u00e3o para interna\u00e7\u00f5es, cirurgias e partos.<\/li>\n<\/ul>\n<p>Em rela\u00e7\u00e3o \u00e0 car\u00eancia &#8211; que se refere ao per\u00edodo no qual o plano \u00e9 pago, o funcion\u00e1rios j\u00e1 pode fazer consultas e exames, mas, para alguns procedimentos, ainda \u00e9 necess\u00e1rio esperar pelo prazo de libera\u00e7\u00e3o.<\/p>\n<p>Para cada procedimento existe um per\u00edodo de car\u00eancia.<\/p>\n<p>Por isso, \u00e9 necess\u00e1rio, no momento da contrata\u00e7\u00e3o, observar qual \u00e9 o tempo de car\u00eancia de cada procedimento, exames e consultas.<\/p>\n<p>De acordo com a Ag\u00eancia Nacional de Sa\u00fade \u2013 ANS, existem alguns per\u00edodos de car\u00eancia\u00a0 que j\u00e1 est\u00e3o previstos, por exemplo:<\/p>\n<ul>\n<li>trinta (30)\u00a0 dias de car\u00eancia para exames considerados simples,<\/li>\n<li>para exames considerados complexos, o prazo de car\u00eancia se estende um pouco, passando para noventa (90) dias de car\u00eancia,<\/li>\n<li>o maior prazo de car\u00eancia \u00e9 para a \u00e1rea de ginecologista e obstetr\u00edcia. Para partos, a car\u00eancia sobe para trezentos (300) dias.<\/li>\n<\/ul>\n<p>E, finalmente, a coparticipa\u00e7\u00e3o. Com essa modalidade, o colaborador paga uma taxa de uso, seja em consultas, exames, interna\u00e7\u00f5es ou cirurgias.<\/p>\n<p>Os valores da coparticipa\u00e7\u00e3o ir\u00e3o variar, de acordo com a op\u00e7\u00e3o contratada.<\/p>\n<h2><strong>Quais planos de sa\u00fade empresariais existem?<\/strong><\/h2>\n<div>\n<div>\n<div>\n<article>\n<div>\n<ul>\n<li><a title=\"Plano de Sa\u00fade Amil\" href=\"https:\/\/www.simetriaplanosdesaude.com.br\/plano-de-saude-amil\">Plano de Sa\u00fade Amil<\/a><\/li>\n<li><a title=\"Plano Belo Dente\" href=\"https:\/\/www.simetriaplanosdesaude.com.br\/plano-belo-dente\">Plano Belo Dente<\/a><\/li>\n<li><a title=\"Plano de Sa\u00fade Bradesco\" href=\"https:\/\/www.simetriaplanosdesaude.com.br\/plano-de-saude-bradesco\">Plano de Sa\u00fade Bradesco<\/a><\/li>\n<li><a title=\"Plano de Sa\u00fade Golden Cross\" href=\"https:\/\/www.simetriaplanosdesaude.com.br\/plano-de-saude-golden-cross\">Plano de Sa\u00fade Golden Cross<\/a><\/li>\n<li><a title=\"Plano de Sa\u00fade MedS\u00eanior\" href=\"https:\/\/www.simetriaplanosdesaude.com.br\/plano-de-saude-medsenior\">Plano de Sa\u00fade MedS\u00eanior<\/a><\/li>\n<li><a title=\"Plano de Sa\u00fade MedGold\" href=\"https:\/\/www.simetriaplanosdesaude.com.br\/plano-de-saude-medgold\">Plano de Sa\u00fade MedGold<\/a><\/li>\n<li><a title=\"Plano MetLife\" href=\"https:\/\/www.simetriaplanosdesaude.com.br\/plano-metlife\">Plano MetLife<\/a><\/li>\n<li><a title=\"Plano Odonto Prev\" href=\"https:\/\/www.simetriaplanosdesaude.com.br\/plano-odonto-prev\">Plano Odonto Prev<\/a><\/li>\n<li><a title=\"Porto Seguro Odonto\" href=\"https:\/\/www.simetriaplanosdesaude.com.br\/porto-seguro-odonto\">Porto Seguro Odonto<\/a><\/li>\n<li><a title=\"Plano Premium Sa\u00fade\" href=\"https:\/\/www.simetriaplanosdesaude.com.br\/plano-premium-saude\">Plano Premium Sa\u00fade<\/a><\/li>\n<li><a title=\"Plano de Sa\u00fade Promed\" href=\"https:\/\/www.simetriaplanosdesaude.com.br\/plano-de-saude-promed\">Plano de Sa\u00fade Promed<\/a><\/li>\n<li><a title=\"Plano de Sa\u00fade Vivamed\" href=\"https:\/\/www.simetriaplanosdesaude.com.br\/plano-de-saude-vivamed\">Plano de Sa\u00fade Vivamed<\/a><\/li>\n<li><a title=\"Plano de Sa\u00fade Vitallis\" href=\"https:\/\/www.simetriaplanosdesaude.com.br\/plano-de-saude-vitallis\">Plano de Sa\u00fade Vitallis<\/a><\/li>\n<li><a title=\"Plano de Sa\u00fade Sulamerica\" href=\"https:\/\/www.simetriaplanosdesaude.com.br\/plano-de-saude-sulamerica\">Plano de Sa\u00fade SulAm\u00e9rica<\/a><\/li>\n<li><a title=\"Plano de Sa\u00fade Samp\" href=\"https:\/\/www.simetriaplanosdesaude.com.br\/plano-de-saude-samp\">Plano de Sa\u00fade Samp<\/a><\/li>\n<li><a title=\"Plano Sa\u00fade Sistema\" href=\"https:\/\/www.simetriaplanosdesaude.com.br\/plano-saude-sistema\">Plano Sa\u00fade Sistema<\/a><\/li>\n<\/ul>\n<\/div>\n<\/article>\n<\/div>\n<\/div>\n<\/div>\n<h2><strong>Qual o melhor plano de sa\u00fade empresarial em BH?<\/strong><\/h2>\n<p>De acordo com o n\u00famero de associados, o Plano de Sa\u00fade Bradesco \u00e9 o melhor, com mais de\u00a0 3. 000 milh\u00f5es de benefici\u00e1rios, seguido da Promed e, posteriormente, Amil.<\/p>\n<p>Os planos das operadoras Amil e Bradesco Sa\u00fade t\u00eam abrang\u00eancia em todo o territ\u00f3rio nacional.<\/p>\n","protected":false},"excerpt":{"rendered":"<p>Como o pr\u00f3prio nome j\u00e1 indica, os planos de sa\u00fade empresariais s\u00e3o aqueles contratados por pessoas jur\u00eddicas (empreendedores, sindicatos ou associa\u00e7\u00f5es) para fornecer sa\u00fade de qualidade aos funcion\u00e1rios e colaboradores de uma determinada empresa. Neste artigo descubra quais s\u00e3o os melhores planos de sa\u00fade empresariais em Belo Horizonte. O que \u00e9 um plano de sa\u00fade [&hellip;]<\/p>\n","protected":false},"author":1,"featured_media":867,"comment_status":"closed","ping_status":"closed","sticky":false,"template":"","format":"standard","meta":{"footnotes":""},"categories":[17],"tags":[],"_links":{"self":[{"href":"https:\/\/www.simetriaplanosdesaude.com.br\/blog\/wp-json\/wp\/v2\/posts\/905"}],"collection":[{"href":"https:\/\/www.simetriaplanosdesaude.com.br\/blog\/wp-json\/wp\/v2\/posts"}],"about":[{"href":"https:\/\/www.simetriaplanosdesaude.com.br\/blog\/wp-json\/wp\/v2\/types\/post"}],"author":[{"embeddable":true,"href":"https:\/\/www.simetriaplanosdesaude.com.br\/blog\/wp-json\/wp\/v2\/users\/1"}],"replies":[{"embeddable":true,"href":"https:\/\/www.simetriaplanosdesaude.com.br\/blog\/wp-json\/wp\/v2\/comments?post=905"}],"version-history":[{"count":9,"href":"https:\/\/www.simetriaplanosdesaude.com.br\/blog\/wp-json\/wp\/v2\/posts\/905\/revisions"}],"predecessor-version":[{"id":1038,"href":"https:\/\/www.simetriaplanosdesaude.com.br\/blog\/wp-json\/wp\/v2\/posts\/905\/revisions\/1038"}],"wp:featuredmedia":[{"embeddable":true,"href":"https:\/\/www.simetriaplanosdesaude.com.br\/blog\/wp-json\/wp\/v2\/media\/867"}],"wp:attachment":[{"href":"https:\/\/www.simetriaplanosdesaude.com.br\/blog\/wp-json\/wp\/v2\/media?parent=905"}],"wp:term":[{"taxonomy":"category","embeddable":true,"href":"https:\/\/www.simetriaplanosdesaude.com.br\/blog\/wp-json\/wp\/v2\/categories?post=905"},{"taxonomy":"post_tag","embeddable":true,"href":"https:\/\/www.simetriaplanosdesaude.com.br\/blog\/wp-json\/wp\/v2\/tags?post=905"}],"curies":[{"name":"wp","href":"https:\/\/api.w.org\/{rel}","templated":true}]}}